{"id":29884,"date":"2026-01-28T11:08:09","date_gmt":"2026-01-28T11:08:09","guid":{"rendered":"https:\/\/www.lodelmomentoloja.com\/?p=29884"},"modified":"2026-01-28T16:10:15","modified_gmt":"2026-01-28T16:10:15","slug":"estas-son-las-reacciones-de-figuras-politicas-tras-el-operativo-del-caso-caja-chica","status":"publish","type":"post","link":"https:\/\/www.lodelmomentoloja.com\/?p=29884","title":{"rendered":"Estas son las reacciones de figuras pol\u00edticas tras el operativo del \u2018Caso Caja Chica\u2019."},"content":{"rendered":"<p class=\"_aupe copyable-text x15bjb6t x1n2onr6\"><span class=\"x19la9d6 x1fc57z9 x6ikm8r x10wlt62 x19co3pv x11tp94h xfibh0p xiy17q3 x1xsqp64 x1lkfr7t xexx8yu xyri2b x18d9i69 x1c1uobl\"><span class=\"xrtxmta x1bhl96m\"><img loading=\"lazy\" decoding=\"async\" class=\"wp-image-29885 aligncenter\" src=\"http:\/\/www.lodelmomentoloja.com\/wp-content\/uploads\/2026\/01\/NOTICIA-VIDEO-LDM-19-300x169.jpg\" alt=\"\" width=\"928\" height=\"523\" srcset=\"https:\/\/www.lodelmomentoloja.com\/wp-content\/uploads\/2026\/01\/NOTICIA-VIDEO-LDM-19-300x169.jpg 300w, https:\/\/www.lodelmomentoloja.com\/wp-content\/uploads\/2026\/01\/NOTICIA-VIDEO-LDM-19-1024x576.jpg 1024w, https:\/\/www.lodelmomentoloja.com\/wp-content\/uploads\/2026\/01\/NOTICIA-VIDEO-LDM-19-768x432.jpg 768w, https:\/\/www.lodelmomentoloja.com\/wp-content\/uploads\/2026\/01\/NOTICIA-VIDEO-LDM-19-640x360.jpg 640w, https:\/\/www.lodelmomentoloja.com\/wp-content\/uploads\/2026\/01\/NOTICIA-VIDEO-LDM-19-1536x864.jpg 1536w, https:\/\/www.lodelmomentoloja.com\/wp-content\/uploads\/2026\/01\/NOTICIA-VIDEO-LDM-19.jpg 1920w\" sizes=\"(max-width: 928px) 100vw, 928px\" \/><\/p>\n<p>\ud83d\udea8<\/span><\/span><span class=\"x19la9d6 x1fc57z9 x6ikm8r x10wlt62 x19co3pv x11tp94h xfibh0p xiy17q3 x1xsqp64 x1lkfr7t xexx8yu xyri2b x18d9i69 x1c1uobl\"><span class=\"xrtxmta x1bhl96m\">\ud83e\udd2f<\/span><\/span><span class=\"x19la9d6 x1fc57z9 x6ikm8r x10wlt62 x19co3pv x11tp94h xfibh0p xiy17q3 x1xsqp64 x1lkfr7t xexx8yu xyri2b x18d9i69 x1c1uobl\"><span class=\"xrtxmta x1bhl96m\">\ud83d\udde3\ufe0f<\/span><\/span><span class=\"_aupe copyable-text xkrh14z\"> \u00a1Caso Caja Chica! La Fiscal\u00eda General del Estado allan\u00f3 la vivienda de la excandidata presidencial de la Revoluci\u00f3n Ciudadana, Luisa Gonz\u00e1lez en el marco de una investigaci\u00f3n por presunta d3l1ncv3nc14 organizada con fines de lavado de activos. Como una pers3cvc1\u00f3n pol\u00edtica calificaron a este operativo que provoca opiniones a favor y en contra.<\/span><\/p>\n<div style=\"width: 640px;\" class=\"wp-video\"><!--[if lt IE 9]><script>document.createElement('video');<\/script><![endif]-->\n<video class=\"wp-video-shortcode\" id=\"video-29884-1\" width=\"640\" height=\"360\" preload=\"metadata\" controls=\"controls\"><source type=\"video\/mp4\" src=\"http:\/\/www.lodelmomentoloja.com\/wp-content\/uploads\/2026\/01\/OPERATIVO-DEL-CASO-CAJA-CHICA-REDUCIDO.mp4?_=1\" \/><a href=\"http:\/\/www.lodelmomentoloja.com\/wp-content\/uploads\/2026\/01\/OPERATIVO-DEL-CASO-CAJA-CHICA-REDUCIDO.mp4\">http:\/\/www.lodelmomentoloja.com\/wp-content\/uploads\/2026\/01\/OPERATIVO-DEL-CASO-CAJA-CHICA-REDUCIDO.mp4<\/a><\/video><\/div>\n<p>El operativo del denominado \u2018Caso Caja Chica\u2019 se llev\u00f3 a cabo la madrigada de este mi\u00e9rcoles 28 de enero. El Ministerio P\u00fablico presume que dinero 1l\u00edc1t0 en efectivo habr\u00eda ingresado desde Venezuela para financiar la campa\u00f1a presidencial de 2023.<\/p>\n<p>En coordinaci\u00f3n con la Polic\u00eda Nacional, los allanamientos se realizaron en cuatro inmuebles: tres en la provincia de Pichincha y uno en Guayas para recabar indicios de la investigaci\u00f3n.<\/p>\n<p>El expresidente Rafael Correa se pronunci\u00f3 sobre el caso y a trav\u00e9s de su cuenta de X, public\u00f3 la notificaci\u00f3n entregada por la Fiscal\u00eda a sus coidearios destacando que ser\u00edan 8 los investigados, incluido el exmandatario, adem\u00e1s del asamble\u00edsta por Pichincha, Patricio Ch\u00e1vez; los excandidatos presidenciales, Luisa Gonz\u00e1lez y Andr\u00e9s Arauz; la exsuperintendenta del Compa\u00f1\u00edas, Suad Manssur, entre otros.<\/p>\n<p>\u201c\u00a1Ni en las peores dictaduras! Por una denuncia del mes de noviembre con reserva de identidad, Fiscal\u00eda ordena allanamientos\u201d.<\/p>\n<p>As\u00ed mismo, figuras de la Revoluci\u00f3n Ciudadana como Paola Pab\u00f3n, Gabriela Rivadeneira, Aquiles \u00c1lvarez, asamble\u00edstas, dirigentes y militantes rechazaron la actuaci\u00f3n de la Fiscal\u00eda, aduciendo que se tratar\u00eda de una persecuci\u00f3n pol\u00edtica a los opositores del actual Gobierno. y mostraron su respaldo a los involucrados, lo propio hicieron algunos profesionales del derecho como Gabriel Rivera.<\/p>\n<p>Aunque la operaci\u00f3n no dej\u00f3 personas detenidas, el expresidente Correa revivi\u00f3 una publicaci\u00f3n del excandidato presidencial Andr\u00e9s Arauz en octubre de 2025. \u201cEl CNE de Diana Atamaint pide eliminar al movimiento pol\u00edtico RC5 por supuestamente no justificar USD 6.400 en la campa\u00f1a de 2023\u201d, explic\u00f3 en su post.<\/p>\n<p>No obstante, hasta el cierre de esta nota informativa, no ha habido un pronunciamiento oficial por parte del Gobierno Nacional, mientras tanto, la Revoluci\u00f3n Ciudadana convoc\u00f3 a una rueda de prensa prevista para las 11H00.<\/p>\n<p class=\"_aupe copyable-text x15bjb6t x1n2onr6\"><span class=\"x19la9d6 x1fc57z9 x6ikm8r x10wlt62 x19co3pv x11tp94h xfibh0p xiy17q3 x1xsqp64 x1lkfr7t xexx8yu xyri2b x18d9i69 x1c1uobl\"><span class=\"xrtxmta x1bhl96m\">\ud83c\udf10<\/span><\/span><span class=\"x19la9d6 x1fc57z9 x6ikm8r x10wlt62 x19co3pv x11tp94h xfibh0p xiy17q3 x1xsqp64 x1lkfr7t xexx8yu xyri2b x18d9i69 x1c1uobl\"><span class=\"xrtxmta x1bhl96m\">\u2705<\/span><\/span><span class=\"_aupe copyable-text xkrh14z\"> S\u00edguenos en nuestra p\u00e1gina verificada: <\/span><span class=\"_aupe copyable-text xkrh14z\">https:\/\/www.facebook.com\/lodelmomentolojaEC<\/span><\/p>\n<p class=\"_aupe copyable-text x15bjb6t x1n2onr6\"><span class=\"_aupe copyable-text xkrh14z\">www.lodelmomentoloja.com<\/span><\/p>\n<p class=\"_aupe copyable-text x15bjb6t x1n2onr6\"><span class=\"_aupe copyable-text xkrh14z\">#LDMnoticias #lodelmomentolojaLDM<\/span><\/p>\n","protected":false},"excerpt":{"rendered":"<p>\ud83d\udea8\ud83e\udd2f\ud83d\udde3\ufe0f \u00a1Caso Caja Chica! La Fiscal\u00eda General del Estado allan\u00f3 la vivienda de la excandidata&#8230;<\/p>\n","protected":false},"author":1,"featured_media":0,"comment_status":"open","ping_status":"open","sticky":false,"template":"","format":"standard","meta":{"footnotes":""},"categories":[7,1,5],"tags":[],"class_list":["post-29884","post","type-post","status-publish","format-standard","hentry","category-ecuador","category-inicio","category-loja"],"_links":{"self":[{"href":"https:\/\/www.lodelmomentoloja.com\/index.php?rest_route=\/wp\/v2\/posts\/29884"}],"collection":[{"href":"https:\/\/www.lodelmomentoloja.com\/index.php?rest_route=\/wp\/v2\/posts"}],"about":[{"href":"https:\/\/www.lodelmomentoloja.com\/index.php?rest_route=\/wp\/v2\/types\/post"}],"author":[{"embeddable":true,"href":"https:\/\/www.lodelmomentoloja.com\/index.php?rest_route=\/wp\/v2\/users\/1"}],"replies":[{"embeddable":true,"href":"https:\/\/www.lodelmomentoloja.com\/index.php?rest_route=%2Fwp%2Fv2%2Fcomments&post=29884"}],"version-history":[{"count":1,"href":"https:\/\/www.lodelmomentoloja.com\/index.php?rest_route=\/wp\/v2\/posts\/29884\/revisions"}],"predecessor-version":[{"id":29887,"href":"https:\/\/www.lodelmomentoloja.com\/index.php?rest_route=\/wp\/v2\/posts\/29884\/revisions\/29887"}],"wp:attachment":[{"href":"https:\/\/www.lodelmomentoloja.com\/index.php?rest_route=%2Fwp%2Fv2%2Fmedia&parent=29884"}],"wp:term":[{"taxonomy":"category","embeddable":true,"href":"https:\/\/www.lodelmomentoloja.com\/index.php?rest_route=%2Fwp%2Fv2%2Fcategories&post=29884"},{"taxonomy":"post_tag","embeddable":true,"href":"https:\/\/www.lodelmomentoloja.com\/index.php?rest_route=%2Fwp%2Fv2%2Ftags&post=29884"}],"curies":[{"name":"wp","href":"https:\/\/api.w.org\/{rel}","templated":true}]}}