{"id":29864,"date":"2026-01-27T11:42:10","date_gmt":"2026-01-27T11:42:10","guid":{"rendered":"https:\/\/www.lodelmomentoloja.com\/?p=29864"},"modified":"2026-01-27T16:44:08","modified_gmt":"2026-01-27T16:44:08","slug":"como-se-califica-la-gestion-de-diana-guayanay-como-alcaldesa-de-loja","status":"publish","type":"post","link":"https:\/\/www.lodelmomentoloja.com\/?p=29864","title":{"rendered":"C\u00f3mo se califica la gesti\u00f3n de Diana Guayanay como alcaldesa de Loja."},"content":{"rendered":"<p>\ud83e\uddd0\ud83d\udcca\u2753 \u00a1Qu\u00e9 dice la gente! Desde que Diana Guayanay, asumi\u00f3 la Alcald\u00eda de Loja el pasado 25 de julio 2025 tras la remoci\u00f3n del cargo de Franco Quezada, ha cursado medio a\u00f1o como autoridad del Municipio de Loja, entre pol\u00e9micas y aciertos, sigue siendo foco de la cr\u00edtica p\u00fablica por sus decisiones.<\/p>\n<p>\u2705Aspectos positivos.<br \/>\n&#8211; Continuar con proyectos viales anteriores.<br \/>\n&#8211; Trabajo conjunto con cabildo.<br \/>\n&#8211; Ubicaci\u00f3n de papeleras.<br \/>\n&#8211; Hablar m\u00e1s en medios de comunicaci\u00f3n.<br \/>\n&#8211; Limpieza del desarenador La Tebaida.<\/p>\n<p>\u274cAspectos negativos.<br \/>\n&#8211; Conflicto con Bomberos de Loja.<br \/>\n&#8211; Problemas con el agua potable.<br \/>\n&#8211; Cr\u00edticas por el cierre de la Rocafuerte.<br \/>\n&#8211; Tener m\u00e1s asesores que su antecesor.<br \/>\n&#8211; Exceso de fuerza con la polic\u00eda municipal.<br \/>\n&#8211; Conflictos con los Romeriantes.<br \/>\n&#8211; Ordenanza de fuegos pirot\u00e9cnicos y ruido.<\/p>\n<p>\u00bfC\u00f3mo califica la ciudadan\u00eda la gesti\u00f3n de la Alcaldesa Diana Guayanay?<\/p>\n<p>\ud83c\udf10\u2705 S\u00edguenos en nuestra p\u00e1gina verificada: https:\/\/www.facebook.com\/lodelmomentolojaEC<\/p>\n<p>www.lodelmomentoloja.com<br \/>\n#LDMnoticias #lodelmomentolojaLDM<\/p>\n","protected":false},"excerpt":{"rendered":"<p>\ud83e\uddd0\ud83d\udcca\u2753 \u00a1Qu\u00e9 dice la gente! Desde que Diana Guayanay, asumi\u00f3 la Alcald\u00eda de Loja el&#8230;<\/p>\n","protected":false},"author":1,"featured_media":29865,"comment_status":"open","ping_status":"open","sticky":false,"template":"","format":"standard","meta":{"footnotes":""},"categories":[1],"tags":[],"class_list":["post-29864","post","type-post","status-publish","format-standard","has-post-thumbnail","hentry","category-inicio"],"_links":{"self":[{"href":"https:\/\/www.lodelmomentoloja.com\/index.php?rest_route=\/wp\/v2\/posts\/29864"}],"collection":[{"href":"https:\/\/www.lodelmomentoloja.com\/index.php?rest_route=\/wp\/v2\/posts"}],"about":[{"href":"https:\/\/www.lodelmomentoloja.com\/index.php?rest_route=\/wp\/v2\/types\/post"}],"author":[{"embeddable":true,"href":"https:\/\/www.lodelmomentoloja.com\/index.php?rest_route=\/wp\/v2\/users\/1"}],"replies":[{"embeddable":true,"href":"https:\/\/www.lodelmomentoloja.com\/index.php?rest_route=%2Fwp%2Fv2%2Fcomments&post=29864"}],"version-history":[{"count":1,"href":"https:\/\/www.lodelmomentoloja.com\/index.php?rest_route=\/wp\/v2\/posts\/29864\/revisions"}],"predecessor-version":[{"id":29866,"href":"https:\/\/www.lodelmomentoloja.com\/index.php?rest_route=\/wp\/v2\/posts\/29864\/revisions\/29866"}],"wp:featuredmedia":[{"embeddable":true,"href":"https:\/\/www.lodelmomentoloja.com\/index.php?rest_route=\/wp\/v2\/media\/29865"}],"wp:attachment":[{"href":"https:\/\/www.lodelmomentoloja.com\/index.php?rest_route=%2Fwp%2Fv2%2Fmedia&parent=29864"}],"wp:term":[{"taxonomy":"category","embeddable":true,"href":"https:\/\/www.lodelmomentoloja.com\/index.php?rest_route=%2Fwp%2Fv2%2Fcategories&post=29864"},{"taxonomy":"post_tag","embeddable":true,"href":"https:\/\/www.lodelmomentoloja.com\/index.php?rest_route=%2Fwp%2Fv2%2Ftags&post=29864"}],"curies":[{"name":"wp","href":"https:\/\/api.w.org\/{rel}","templated":true}]}}