{"id":29826,"date":"2026-01-23T11:48:24","date_gmt":"2026-01-23T11:48:24","guid":{"rendered":"https:\/\/www.lodelmomentoloja.com\/?p=29826"},"modified":"2026-01-23T16:57:04","modified_gmt":"2026-01-23T16:57:04","slug":"infante-ecuatoriano-de-5-anos-fue-retenido-por-el-ice-al-salir-del-preescolar","status":"publish","type":"post","link":"https:\/\/www.lodelmomentoloja.com\/?p=29826","title":{"rendered":"Infante ecuatoriano de 5 a\u00f1os fue retenido por el ICE al salir del preescolar"},"content":{"rendered":"<p><img loading=\"lazy\" decoding=\"async\" class=\"wp-image-29827 aligncenter\" src=\"http:\/\/www.lodelmomentoloja.com\/wp-content\/uploads\/2026\/01\/NOTA-VIDEO-1.jpg-1-300x169.jpeg\" alt=\"\" width=\"939\" height=\"529\" srcset=\"https:\/\/www.lodelmomentoloja.com\/wp-content\/uploads\/2026\/01\/NOTA-VIDEO-1.jpg-1-300x169.jpeg 300w, https:\/\/www.lodelmomentoloja.com\/wp-content\/uploads\/2026\/01\/NOTA-VIDEO-1.jpg-1-1024x576.jpeg 1024w, https:\/\/www.lodelmomentoloja.com\/wp-content\/uploads\/2026\/01\/NOTA-VIDEO-1.jpg-1-768x432.jpeg 768w, https:\/\/www.lodelmomentoloja.com\/wp-content\/uploads\/2026\/01\/NOTA-VIDEO-1.jpg-1-640x360.jpeg 640w, https:\/\/www.lodelmomentoloja.com\/wp-content\/uploads\/2026\/01\/NOTA-VIDEO-1.jpg-1-1536x864.jpeg 1536w, https:\/\/www.lodelmomentoloja.com\/wp-content\/uploads\/2026\/01\/NOTA-VIDEO-1.jpg-1.jpeg 1920w\" sizes=\"(max-width: 939px) 100vw, 939px\" \/><\/p>\n<p>&nbsp;<\/p>\n<p class=\"_aupe copyable-text x15bjb6t x1n2onr6\"><span class=\"x19la9d6 x1fc57z9 x6ikm8r x10wlt62 x19co3pv x11tp94h xfibh0p xiy17q3 x1xsqp64 x1lkfr7t xexx8yu xyri2b x18d9i69 x1c1uobl\"><span class=\"xrtxmta x1bhl96m\">\ud83d\ude2d<\/span><\/span><span class=\"x19la9d6 x1fc57z9 x6ikm8r x10wlt62 x19co3pv x11tp94h xfibh0p xiy17q3 x1xsqp64 x1lkfr7t xexx8yu xyri2b x18d9i69 x1c1uobl\"><span class=\"xrtxmta x1bhl96m\">\ud83d\udea8<\/span><\/span><span class=\"x19la9d6 x1fc57z9 x6ikm8r x10wlt62 x19co3pv x11tp94h xfibh0p xiy17q3 x1xsqp64 x1lkfr7t xexx8yu xyri2b x18d9i69 x1c1uobl\"><span class=\"xrtxmta x1bhl96m\">\ud83d\ude14<\/span><\/span><span class=\"_aupe copyable-text xkrh14z\"> \u00a1Indignaci\u00f3n total! Liam C., regresaba a su vivienda tras salir del preescolar cuando fue interceptado, junto a su padre por los agentes del Servicio de Inmigraci\u00f3n de Control de Aduanas (ICE por siglas en ingl\u00e9s) y ambos fueron trasladados a un centro de detenci\u00f3n familiar en Texas donde permanecen bajo custodia federal.<\/p>\n<p><\/span><\/p>\n<div style=\"width: 640px;\" class=\"wp-video\"><!--[if lt IE 9]><script>document.createElement('video');<\/script><![endif]-->\n<video class=\"wp-video-shortcode\" id=\"video-29826-1\" width=\"640\" height=\"360\" preload=\"metadata\" controls=\"controls\"><source type=\"video\/mp4\" src=\"http:\/\/www.lodelmomentoloja.com\/wp-content\/uploads\/2026\/01\/MENOR-RETENIDO-EN-MINNEAPOLIS-REDUCIDO.mp4?_=1\" \/><a href=\"http:\/\/www.lodelmomentoloja.com\/wp-content\/uploads\/2026\/01\/MENOR-RETENIDO-EN-MINNEAPOLIS-REDUCIDO.mp4\">http:\/\/www.lodelmomentoloja.com\/wp-content\/uploads\/2026\/01\/MENOR-RETENIDO-EN-MINNEAPOLIS-REDUCIDO.mp4<\/a><\/video><\/div>\n<p class=\"_aupe copyable-text x15bjb6t x1n2onr6\"><span class=\"_aupe copyable-text xkrh14z\">\u00a0<\/span><\/p>\n<p>El infante, hijo de un padre ecuatoriano, fue retenido en medio de un operativo migratorio. De lo que se conoce, Liam C., regresaba a su vivienda tras salir del preescolar cuando fue interceptado junto a su padre, un ciudadano que mantiene un proceso de asilo en tr\u00e1mite y ambos fueron trasladados a un centro de detenci\u00f3n familiar en Texas donde permanecen bajo custodia federal.<\/p>\n<p>Funcionarios del distrito escolar denunciaron que los agentes habr\u00edan utilizado al menor para intentar verificar si hab\u00eda otros adultos en el domicilio, generando molestia e indignaci\u00f3n por estas pr\u00e1cticas. Tambi\u00e9n, se\u00f1alaron que exist\u00eda otro adulto disponible para quedarse a cargo del menor, pero no habr\u00edan considerado esa opci\u00f3n durante el operativo.<\/p>\n<p>Sin embargo, el Departamento de Seguridad Nacional dio su versi\u00f3n de los hechos a trav\u00e9s de redes sociales el jueves 22 de enero, argument\u00f3 que el ICE no se enfoc\u00f3 en el infante y que Liam \u201cfue abandonado\u201d por su padre Adri\u00e1n C., el Departamento explica que cuando los agentes se acercaron al conductor, Adrian huy\u00f3 a pie.<\/p>\n<p>En su cuenta de X, ICE dijo que el hijo del ecuatoriano y otro ni\u00f1o &#8220;fueron abandonados por su padre, un inmigrante 1l3g4l d3l1ncv3nt3, quien puso en p3l1gr0 su vida al abandonarlo y huir&#8221;.<\/p>\n<p>Tras difundirse la noticia, en una rueda de prensa el vicepresidente del Estados Unidos, JD Vance rechaz\u00f3 las cr\u00edticas contra los funcionarios, argumentando que no pod\u00edan dejar que Liam se congelara en la calle.<\/p>\n<p>Por su parte, la Canciller\u00eda ecuatoriana emiti\u00f3 un comunicado la noche del jueves 22 de enero, all\u00ed detalla que el Consulado del Ecuador en Minneapolis solicit\u00f3 de inmediato informaci\u00f3n oficial al ICE para conocer detalles del caso y la situaci\u00f3n actual del menor.<\/p>\n<p>Su historia ha dado la vuelta al mundo, finalmente, la administraci\u00f3n Trump inform\u00f3 a la Canciller\u00eda que \u201cen este tipo de casos se consulta con los padres la posibilidad de que el menor sea deportado con ellos al pa\u00eds o, en su defecto, sea colocado con una persona de confianza designada por los progenitores.<\/p>\n<p class=\"_aupe copyable-text x15bjb6t x1n2onr6\"><span class=\"x19la9d6 x1fc57z9 x6ikm8r x10wlt62 x19co3pv x11tp94h xfibh0p xiy17q3 x1xsqp64 x1lkfr7t xexx8yu xyri2b x18d9i69 x1c1uobl\"><span class=\"xrtxmta x1bhl96m\">\ud83c\udf10<\/span><\/span><span class=\"x19la9d6 x1fc57z9 x6ikm8r x10wlt62 x19co3pv x11tp94h xfibh0p xiy17q3 x1xsqp64 x1lkfr7t xexx8yu xyri2b x18d9i69 x1c1uobl\"><span class=\"xrtxmta x1bhl96m\">\u2705<\/span><\/span><span class=\"_aupe copyable-text xkrh14z\"> S\u00edguenos en nuestra p\u00e1gina verificada: <\/span><span class=\"_aupe copyable-text xkrh14z\">https:\/\/www.facebook.com\/lodelmomentolojaEC<\/span><\/p>\n<p class=\"_aupe copyable-text x15bjb6t x1n2onr6\"><span class=\"_aupe copyable-text xkrh14z\">www.lodelmomentoloja.com<\/span><\/p>\n<p class=\"_aupe copyable-text x15bjb6t x1n2onr6\"><span class=\"_aupe copyable-text xkrh14z\">#LDMnoticias #lodelmomentolojaLDM<\/span><\/p>\n","protected":false},"excerpt":{"rendered":"<p>&nbsp; \ud83d\ude2d\ud83d\udea8\ud83d\ude14 \u00a1Indignaci\u00f3n total! Liam C., regresaba a su vivienda tras salir del preescolar cuando&#8230;<\/p>\n","protected":false},"author":1,"featured_media":0,"comment_status":"open","ping_status":"open","sticky":false,"template":"","format":"standard","meta":{"footnotes":""},"categories":[7,1,5],"tags":[],"class_list":["post-29826","post","type-post","status-publish","format-standard","hentry","category-ecuador","category-inicio","category-loja"],"_links":{"self":[{"href":"https:\/\/www.lodelmomentoloja.com\/index.php?rest_route=\/wp\/v2\/posts\/29826"}],"collection":[{"href":"https:\/\/www.lodelmomentoloja.com\/index.php?rest_route=\/wp\/v2\/posts"}],"about":[{"href":"https:\/\/www.lodelmomentoloja.com\/index.php?rest_route=\/wp\/v2\/types\/post"}],"author":[{"embeddable":true,"href":"https:\/\/www.lodelmomentoloja.com\/index.php?rest_route=\/wp\/v2\/users\/1"}],"replies":[{"embeddable":true,"href":"https:\/\/www.lodelmomentoloja.com\/index.php?rest_route=%2Fwp%2Fv2%2Fcomments&post=29826"}],"version-history":[{"count":1,"href":"https:\/\/www.lodelmomentoloja.com\/index.php?rest_route=\/wp\/v2\/posts\/29826\/revisions"}],"predecessor-version":[{"id":29829,"href":"https:\/\/www.lodelmomentoloja.com\/index.php?rest_route=\/wp\/v2\/posts\/29826\/revisions\/29829"}],"wp:attachment":[{"href":"https:\/\/www.lodelmomentoloja.com\/index.php?rest_route=%2Fwp%2Fv2%2Fmedia&parent=29826"}],"wp:term":[{"taxonomy":"category","embeddable":true,"href":"https:\/\/www.lodelmomentoloja.com\/index.php?rest_route=%2Fwp%2Fv2%2Fcategories&post=29826"},{"taxonomy":"post_tag","embeddable":true,"href":"https:\/\/www.lodelmomentoloja.com\/index.php?rest_route=%2Fwp%2Fv2%2Ftags&post=29826"}],"curies":[{"name":"wp","href":"https:\/\/api.w.org\/{rel}","templated":true}]}}