{"id":29809,"date":"2026-01-23T08:28:59","date_gmt":"2026-01-23T08:28:59","guid":{"rendered":"https:\/\/www.lodelmomentoloja.com\/?p=29809"},"modified":"2026-01-23T14:29:29","modified_gmt":"2026-01-23T14:29:29","slug":"corte-constitucional-del-ecuador-resolvio-que-las-instituciones-publicas-no-pueden-bloquear-ni-restringir-la-interaccion-de-usuarios","status":"publish","type":"post","link":"https:\/\/www.lodelmomentoloja.com\/?p=29809","title":{"rendered":"Corte Constitucional del Ecuador resolvi\u00f3 que las instituciones p\u00fablicas no pueden bloquear, ni restringir la interacci\u00f3n de usuarios"},"content":{"rendered":"<p>\ud83d\ude31\ud83d\udeab\ud83d\udcf2\u00a1Les toca aguantarse! La Corte Constitucional del Ecuador resolvi\u00f3 que las instituciones p\u00fablicas no pueden bloquear, ni restringir la interacci\u00f3n de usuarios en sus cuentas oficiales de redes sociales. El fallo se dio tras una acci\u00f3n de protecci\u00f3n por un bloqueo en la cuenta de Facebook de la Alcald\u00eda de Lago Agrio en 2020, determin\u00f3 que se vulner\u00f3 la libertad de expresi\u00f3n.<\/p>\n<p>La Corte orden\u00f3 disculpas p\u00fablicas al ciudadano afectado y la elaboraci\u00f3n de un protocolo para el uso institucional de redes sociales. Adem\u00e1s, estableci\u00f3 que solo puede eliminarse contenido que promueva discursos de odio, violencia o contenido sexual expl\u00edcito, y reafirm\u00f3 que la cr\u00edtica a funcionarios p\u00fablicos es un discurso protegido, incluso en el entorno digital.<\/p>\n<p>\ud83c\udf10\u2705 S\u00edguenos en nuestra p\u00e1gina verificada:<br \/>\nfacebook.com\/lodelmomentolojaEC<\/p>\n<p>\ud83c\udf10 Sitio web: www.lodelmomentoloja.com<br \/>\n<a class=\"x1i10hfl xjbqb8w x1ejq31n x18oe1m7 x1sy0etr xstzfhl x972fbf x10w94by x1qhh985 x14e42zd x9f619 x1ypdohk xt0psk2 x3ct3a4 xdj266r x14z9mp xat24cr x1lziwak xexx8yu xyri2b x18d9i69 x1c1uobl x16tdsg8 x1hl2dhg xggy1nq x1a2a7pz  _aa9_ _a6hd\" tabindex=\"0\" role=\"link\" href=\"https:\/\/www.instagram.com\/explore\/tags\/ldmnoticias\/\">#LDMnoticias<\/a>\u00a0<a class=\"x1i10hfl xjbqb8w x1ejq31n x18oe1m7 x1sy0etr xstzfhl x972fbf x10w94by x1qhh985 x14e42zd x9f619 x1ypdohk xt0psk2 x3ct3a4 xdj266r x14z9mp xat24cr x1lziwak xexx8yu xyri2b x18d9i69 x1c1uobl x16tdsg8 x1hl2dhg xggy1nq x1a2a7pz  _aa9_ _a6hd\" tabindex=\"0\" role=\"link\" href=\"https:\/\/www.instagram.com\/explore\/tags\/lodelmomentolojaldm\/\">#lodelmomentolojaLDM<\/a><\/p>\n","protected":false},"excerpt":{"rendered":"<p>\ud83d\ude31\ud83d\udeab\ud83d\udcf2\u00a1Les toca aguantarse! La Corte Constitucional del Ecuador resolvi\u00f3 que las instituciones p\u00fablicas no pueden&#8230;<\/p>\n","protected":false},"author":1,"featured_media":29810,"comment_status":"open","ping_status":"open","sticky":false,"template":"","format":"standard","meta":{"footnotes":""},"categories":[7,1,5],"tags":[],"class_list":["post-29809","post","type-post","status-publish","format-standard","has-post-thumbnail","hentry","category-ecuador","category-inicio","category-loja"],"_links":{"self":[{"href":"https:\/\/www.lodelmomentoloja.com\/index.php?rest_route=\/wp\/v2\/posts\/29809"}],"collection":[{"href":"https:\/\/www.lodelmomentoloja.com\/index.php?rest_route=\/wp\/v2\/posts"}],"about":[{"href":"https:\/\/www.lodelmomentoloja.com\/index.php?rest_route=\/wp\/v2\/types\/post"}],"author":[{"embeddable":true,"href":"https:\/\/www.lodelmomentoloja.com\/index.php?rest_route=\/wp\/v2\/users\/1"}],"replies":[{"embeddable":true,"href":"https:\/\/www.lodelmomentoloja.com\/index.php?rest_route=%2Fwp%2Fv2%2Fcomments&post=29809"}],"version-history":[{"count":1,"href":"https:\/\/www.lodelmomentoloja.com\/index.php?rest_route=\/wp\/v2\/posts\/29809\/revisions"}],"predecessor-version":[{"id":29811,"href":"https:\/\/www.lodelmomentoloja.com\/index.php?rest_route=\/wp\/v2\/posts\/29809\/revisions\/29811"}],"wp:featuredmedia":[{"embeddable":true,"href":"https:\/\/www.lodelmomentoloja.com\/index.php?rest_route=\/wp\/v2\/media\/29810"}],"wp:attachment":[{"href":"https:\/\/www.lodelmomentoloja.com\/index.php?rest_route=%2Fwp%2Fv2%2Fmedia&parent=29809"}],"wp:term":[{"taxonomy":"category","embeddable":true,"href":"https:\/\/www.lodelmomentoloja.com\/index.php?rest_route=%2Fwp%2Fv2%2Fcategories&post=29809"},{"taxonomy":"post_tag","embeddable":true,"href":"https:\/\/www.lodelmomentoloja.com\/index.php?rest_route=%2Fwp%2Fv2%2Ftags&post=29809"}],"curies":[{"name":"wp","href":"https:\/\/api.w.org\/{rel}","templated":true}]}}