{"id":29801,"date":"2026-01-22T16:39:18","date_gmt":"2026-01-22T16:39:18","guid":{"rendered":"https:\/\/www.lodelmomentoloja.com\/?p=29801"},"modified":"2026-01-22T21:42:53","modified_gmt":"2026-01-22T21:42:53","slug":"1-391-sv1cidi0s-de-menores-de-14-anos-se-registraron-en-ecuador-entre-2001-y-2024","status":"publish","type":"post","link":"https:\/\/www.lodelmomentoloja.com\/?p=29801","title":{"rendered":"1.391 SV1CIDI0S DE MENORES DE 14 A\u00d1OS SE REGISTRARON EN ECUADOR ENTRE 2001 Y 2024"},"content":{"rendered":"<p class=\"_aupe copyable-text x15bjb6t x1n2onr6\"><span class=\"x19la9d6 x1fc57z9 x6ikm8r x10wlt62 x19co3pv x11tp94h xfibh0p xiy17q3 x1xsqp64 x1lkfr7t xexx8yu xyri2b x18d9i69 x1c1uobl\"><span class=\"xrtxmta x1bhl96m\"><img loading=\"lazy\" decoding=\"async\" class=\"wp-image-29802 aligncenter\" src=\"http:\/\/www.lodelmomentoloja.com\/wp-content\/uploads\/2026\/01\/NOTICIA-VIDEO-LDM-17-300x169.jpg\" alt=\"\" width=\"917\" height=\"518\" \/><br \/>\n\ud83e\udd7a<\/span><\/span><span class=\"x19la9d6 x1fc57z9 x6ikm8r x10wlt62 x19co3pv x11tp94h xfibh0p xiy17q3 x1xsqp64 x1lkfr7t xexx8yu xyri2b x18d9i69 x1c1uobl\"><span class=\"xrtxmta x1bhl96m\">\u271d\ufe0f<\/span><\/span><span class=\"x19la9d6 x1fc57z9 x6ikm8r x10wlt62 x19co3pv x11tp94h xfibh0p xiy17q3 x1xsqp64 x1lkfr7t xexx8yu xyri2b x18d9i69 x1c1uobl\"><span class=\"xrtxmta x1bhl96m\">\ud83d\ude14<\/span><\/span><span class=\"_aupe copyable-text xkrh14z\"> \u00a1Infancia en silencio! En Ecuador, desde el a\u00f1o 2001 al 2024, el Instituto Nacional de Estad\u00edsticas y Censos (INEC) registr\u00f3 1.391 svic1di0s de menores de 14 a\u00f1os de edad, equivalente a una vida cada 6.3 d\u00edas. El INEC indica que la tasa promedio de 1.23 casos por cada 100.000 habitantes infantiles aumenta 0.02 puntos cada a\u00f1o. <\/span><\/p>\n<div style=\"width: 640px;\" class=\"wp-video\"><!--[if lt IE 9]><script>document.createElement('video');<\/script><![endif]-->\n<video class=\"wp-video-shortcode\" id=\"video-29801-1\" width=\"640\" height=\"360\" preload=\"metadata\" controls=\"controls\"><source type=\"video\/mp4\" src=\"http:\/\/www.lodelmomentoloja.com\/wp-content\/uploads\/2026\/01\/CASOS-DE-SV1C1D10S-EN-ECUADOR-REDUCIDO.mp4?_=1\" \/><a href=\"http:\/\/www.lodelmomentoloja.com\/wp-content\/uploads\/2026\/01\/CASOS-DE-SV1C1D10S-EN-ECUADOR-REDUCIDO.mp4\">http:\/\/www.lodelmomentoloja.com\/wp-content\/uploads\/2026\/01\/CASOS-DE-SV1C1D10S-EN-ECUADOR-REDUCIDO.mp4<\/a><\/video><\/div>\n<p>El periodista de investigaci\u00f3n, Arduino Tomasi expuso el caso dividi\u00e9ndolo en tres etapas. La primera, desde 2001 \u2013 2010 periodo en el que hubo 457 casos que oscilaban entre los 31 a 68 su1c1d0s anuales. El segundo periodo comprende desde el 2011 al 2018, la tasa promedio se elev\u00f3 a 1.45 casos por cada 100.000 habitantes, es decir, en 2016 hubo 78 casos, 81 en 2017 y el 2018 cerr\u00f3 con 90 su1c1d10s infantiles. En los \u00faltimos 4 a\u00f1os, las cifras variaron constantemente, en 2022 los casos por su1c1d10 se redijeron a 51, pero en 2023 la cifra se increment\u00f3 a 57 y; en 2024, 70 elevando la tasa al 37.25% en apenas dos a\u00f1os.<\/p>\n<p>En 2025, el ECU 911 registr\u00f3 363 sv1c1dios y alrededor de 1.056 emergencias por intentos autol\u00edticos, el 01 de enero y el 27 de diciembre, entre personas menores a 25 a\u00f1os de edad, lo que representa un promedio de tres intentos y un sv1cid10 cada d\u00eda.<\/p>\n<p>Expertos dicen que detr\u00e1s de estas cifras se encuentran problemas de ansiedad, depresi\u00f3n, miedo, estr\u00e9s, precariedad econ\u00f3mica, homofobia y un estigma persistente que todav\u00eda impide que las v\u00edctimas busquen ayuda profesional. En base a su investigaci\u00f3n, el periodista detall\u00f3 que 315 menores acabaron con su vida a los 12 a\u00f1os, 398 a los 13 a\u00f1os y; 441 infantes partieron de este mundo a los 14 a\u00f1os.<\/p>\n<p>A trav\u00e9s de los a\u00f1os, el ECU 911 promueve campa\u00f1as y acciones enfocadas en la prevenci\u00f3n del suic1d10 y en la erradicaci\u00f3n de problemas de salud mental que afectan a la sociedad a fin de que aquellos que sufren en silencio busquen ayuda antes de tomar la \u00faltima decisi\u00f3n.<\/p>\n<p class=\"_aupe copyable-text x15bjb6t x1n2onr6\"><span class=\"x19la9d6 x1fc57z9 x6ikm8r x10wlt62 x19co3pv x11tp94h xfibh0p xiy17q3 x1xsqp64 x1lkfr7t xexx8yu xyri2b x18d9i69 x1c1uobl\"><span class=\"xrtxmta x1bhl96m\">\ud83c\udf10<\/span><\/span><span class=\"x19la9d6 x1fc57z9 x6ikm8r x10wlt62 x19co3pv x11tp94h xfibh0p xiy17q3 x1xsqp64 x1lkfr7t xexx8yu xyri2b x18d9i69 x1c1uobl\"><span class=\"xrtxmta x1bhl96m\">\u2705<\/span><\/span><span class=\"_aupe copyable-text xkrh14z\"> S\u00edguenos en nuestra p\u00e1gina verificada: <\/span><span class=\"_aupe copyable-text xkrh14z\">https:\/\/www.facebook.com\/lodelmomentolojaEC<\/span><\/p>\n<p class=\"_aupe copyable-text x15bjb6t x1n2onr6\"><span class=\"_aupe copyable-text xkrh14z\">www.lodelmomentoloja.com<\/span><\/p>\n<p class=\"_aupe copyable-text x15bjb6t x1n2onr6\"><span class=\"_aupe copyable-text xkrh14z\">#LDMnoticias #lodelmomentolojaLDM<\/span><\/p>\n","protected":false},"excerpt":{"rendered":"<p>\ud83e\udd7a\u271d\ufe0f\ud83d\ude14 \u00a1Infancia en silencio! En Ecuador, desde el a\u00f1o 2001 al 2024, el Instituto Nacional&#8230;<\/p>\n","protected":false},"author":1,"featured_media":0,"comment_status":"open","ping_status":"open","sticky":false,"template":"","format":"standard","meta":{"footnotes":""},"categories":[7,1,5],"tags":[],"class_list":["post-29801","post","type-post","status-publish","format-standard","hentry","category-ecuador","category-inicio","category-loja"],"_links":{"self":[{"href":"https:\/\/www.lodelmomentoloja.com\/index.php?rest_route=\/wp\/v2\/posts\/29801"}],"collection":[{"href":"https:\/\/www.lodelmomentoloja.com\/index.php?rest_route=\/wp\/v2\/posts"}],"about":[{"href":"https:\/\/www.lodelmomentoloja.com\/index.php?rest_route=\/wp\/v2\/types\/post"}],"author":[{"embeddable":true,"href":"https:\/\/www.lodelmomentoloja.com\/index.php?rest_route=\/wp\/v2\/users\/1"}],"replies":[{"embeddable":true,"href":"https:\/\/www.lodelmomentoloja.com\/index.php?rest_route=%2Fwp%2Fv2%2Fcomments&post=29801"}],"version-history":[{"count":1,"href":"https:\/\/www.lodelmomentoloja.com\/index.php?rest_route=\/wp\/v2\/posts\/29801\/revisions"}],"predecessor-version":[{"id":29804,"href":"https:\/\/www.lodelmomentoloja.com\/index.php?rest_route=\/wp\/v2\/posts\/29801\/revisions\/29804"}],"wp:attachment":[{"href":"https:\/\/www.lodelmomentoloja.com\/index.php?rest_route=%2Fwp%2Fv2%2Fmedia&parent=29801"}],"wp:term":[{"taxonomy":"category","embeddable":true,"href":"https:\/\/www.lodelmomentoloja.com\/index.php?rest_route=%2Fwp%2Fv2%2Fcategories&post=29801"},{"taxonomy":"post_tag","embeddable":true,"href":"https:\/\/www.lodelmomentoloja.com\/index.php?rest_route=%2Fwp%2Fv2%2Ftags&post=29801"}],"curies":[{"name":"wp","href":"https:\/\/api.w.org\/{rel}","templated":true}]}}