{"id":29791,"date":"2026-01-22T10:44:08","date_gmt":"2026-01-22T10:44:08","guid":{"rendered":"https:\/\/www.lodelmomentoloja.com\/?p=29791"},"modified":"2026-01-22T16:45:35","modified_gmt":"2026-01-22T16:45:35","slug":"don-medardo-luzuriaga-y-su-legado-e-importancia-cultural-y-musical-para-loja","status":"publish","type":"post","link":"https:\/\/www.lodelmomentoloja.com\/?p=29791","title":{"rendered":"Don Medardo Luzuriaga y su legado e importancia cultural y musical para Loja."},"content":{"rendered":"<p>\ud83d\udc4f\ud83c\udffb\ud83c\udf99\ufe0f\ud83c\udfb9\u00a1Orgullo lojano! El Monumento de Don Medardo, ubicado en la ciudad de Loja, rinde homenaje a Medardo Luzuriaga, reconocido m\u00fasico lojano y fundador de la emblem\u00e1tica orquesta Don Medardo y sus Players, una de las m\u00e1s influyentes de la m\u00fasica ecuatoriana.<\/p>\n<p>Fue creado para reconocer y preservar el legado cultural y musical de Don Medardo, considerado un referente de la cumbia ecuatoriana y un embajador de la m\u00fasica nacional dentro y fuera del pa\u00eds. Su trabajo marc\u00f3 a varias generaciones y llev\u00f3 el nombre de Loja a escenarios internacionales.<\/p>\n<p>\ud83c\udf10\u2705 S\u00edguenos en nuestra p\u00e1gina verificada:<br \/>\nfacebook.com\/lodelmomentolojaEC<\/p>\n<p>\ud83c\udf10 Sitio web: www.lodelmomentoloja.com<br \/>\n<a class=\"x1i10hfl xjbqb8w x1ejq31n x18oe1m7 x1sy0etr xstzfhl x972fbf x10w94by x1qhh985 x14e42zd x9f619 x1ypdohk xt0psk2 x3ct3a4 xdj266r x14z9mp xat24cr x1lziwak xexx8yu xyri2b x18d9i69 x1c1uobl x16tdsg8 x1hl2dhg xggy1nq x1a2a7pz  _aa9_ _a6hd\" tabindex=\"0\" role=\"link\" href=\"https:\/\/www.instagram.com\/explore\/tags\/ldmnoticias\/\">#LDMnoticias<\/a>\u00a0<a class=\"x1i10hfl xjbqb8w x1ejq31n x18oe1m7 x1sy0etr xstzfhl x972fbf x10w94by x1qhh985 x14e42zd x9f619 x1ypdohk xt0psk2 x3ct3a4 xdj266r x14z9mp xat24cr x1lziwak xexx8yu xyri2b x18d9i69 x1c1uobl x16tdsg8 x1hl2dhg xggy1nq x1a2a7pz  _aa9_ _a6hd\" tabindex=\"0\" role=\"link\" href=\"https:\/\/www.instagram.com\/explore\/tags\/lodelmomentolojaldm\/\">#lodelmomentolojaLDM<\/a><\/p>\n","protected":false},"excerpt":{"rendered":"<p>\ud83d\udc4f\ud83c\udffb\ud83c\udf99\ufe0f\ud83c\udfb9\u00a1Orgullo lojano! El Monumento de Don Medardo, ubicado en la ciudad de Loja, rinde homenaje&#8230;<\/p>\n","protected":false},"author":1,"featured_media":29792,"comment_status":"open","ping_status":"open","sticky":false,"template":"","format":"standard","meta":{"footnotes":""},"categories":[7,1,5],"tags":[],"class_list":["post-29791","post","type-post","status-publish","format-standard","has-post-thumbnail","hentry","category-ecuador","category-inicio","category-loja"],"_links":{"self":[{"href":"https:\/\/www.lodelmomentoloja.com\/index.php?rest_route=\/wp\/v2\/posts\/29791"}],"collection":[{"href":"https:\/\/www.lodelmomentoloja.com\/index.php?rest_route=\/wp\/v2\/posts"}],"about":[{"href":"https:\/\/www.lodelmomentoloja.com\/index.php?rest_route=\/wp\/v2\/types\/post"}],"author":[{"embeddable":true,"href":"https:\/\/www.lodelmomentoloja.com\/index.php?rest_route=\/wp\/v2\/users\/1"}],"replies":[{"embeddable":true,"href":"https:\/\/www.lodelmomentoloja.com\/index.php?rest_route=%2Fwp%2Fv2%2Fcomments&post=29791"}],"version-history":[{"count":1,"href":"https:\/\/www.lodelmomentoloja.com\/index.php?rest_route=\/wp\/v2\/posts\/29791\/revisions"}],"predecessor-version":[{"id":29793,"href":"https:\/\/www.lodelmomentoloja.com\/index.php?rest_route=\/wp\/v2\/posts\/29791\/revisions\/29793"}],"wp:featuredmedia":[{"embeddable":true,"href":"https:\/\/www.lodelmomentoloja.com\/index.php?rest_route=\/wp\/v2\/media\/29792"}],"wp:attachment":[{"href":"https:\/\/www.lodelmomentoloja.com\/index.php?rest_route=%2Fwp%2Fv2%2Fmedia&parent=29791"}],"wp:term":[{"taxonomy":"category","embeddable":true,"href":"https:\/\/www.lodelmomentoloja.com\/index.php?rest_route=%2Fwp%2Fv2%2Fcategories&post=29791"},{"taxonomy":"post_tag","embeddable":true,"href":"https:\/\/www.lodelmomentoloja.com\/index.php?rest_route=%2Fwp%2Fv2%2Ftags&post=29791"}],"curies":[{"name":"wp","href":"https:\/\/api.w.org\/{rel}","templated":true}]}}