{"id":2979,"date":"2021-03-11T13:30:35","date_gmt":"2021-03-11T13:30:35","guid":{"rendered":"http:\/\/www.lodelmomentoloja.com\/?p=2979"},"modified":"2021-03-11T18:30:34","modified_gmt":"2021-03-11T18:30:34","slug":"veronica-arias-parlamentaria-andina","status":"publish","type":"post","link":"https:\/\/www.lodelmomentoloja.com\/?p=2979","title":{"rendered":"Ver\u00f3nica Arias Parlamentaria Andina"},"content":{"rendered":"<p>#Loja | Ver\u00f3nica Arias, cuatro a\u00f1os m\u00e1s. Pero ahora, desde el Parlamento Andino<\/p>\n<p>Ver\u00f3nica Arias, ha sido elegida Parlamentaria Andina con 2 588 499 lo que significa el 32,96% de votos que obtuvo a nivel nacional. Agradeci\u00f3 la confianza a la Provincia de Loja, por haberla elegido en su nuevo puesto de elecci\u00f3n popular. En la Provincia de Loja, obtuvo 49 777 lo que corresponde al 21,83% de votos en todo el territorio lojano.<\/p>\n<p>Durante una entrevista manifest\u00f3 su plan de trabajo que realizar\u00e1:<\/p>\n<p>\u2705Fortalecer la integraci\u00f3n internacional, andina y sudamericana.<br \/>\n\u2705 Fortalecer los organismos de integraci\u00f3n nacional como UNASUR, La Comunidad Andina de Naciones \u201cporque necesitan recuperar un rol protag\u00f3nico, dentro de la regi\u00f3n\u201d mencion\u00f3 Arias.<br \/>\n\u2705 Impulsar la participaci\u00f3n ciudadana dentro de este organismo internacional.<br \/>\n\u2705 Homologaci\u00f3n de t\u00edtulos universitarios en la comunidad andina.<br \/>\n\u2705 Solicitar a la Asamblea Nacional, que sean escuchados dentro de las comisiones.<\/p>\n<p>La nueva Parlamentaria Andina, mencion\u00f3 que dentro de ese trabajo de recuperaci\u00f3n se debe \u201cexigir una pol\u00edtica internacional en funci\u00f3n de las perspectivas de desarrollo de la patria y tambi\u00e9n, de la integraci\u00f3n de la Comunidad Andina y de Sudam\u00e9rica.\u201d Dijo. Tambi\u00e9n, mencion\u00f3 que el Parlamento Andino debe convertirse en un gran foro de debate de los problemas que aquejan los pa\u00edses andinos.<\/p>\n<p>Sin embargo, las resoluciones tomadas dentro del Parlamento Andino, no son vinculantes obligatorias para el pa\u00eds. Cada pa\u00eds que conforma este organismo internacional, decide si acoge o no las resoluciones que aprueba en el pleno.<\/p>\n<p>El Parlamento Andino se re\u00fane durante una semana al mes en Bogot\u00e1 Colombia. En Ecuador, son cinco los representantes dentro de este organismo internacional. Cada Parlamentario gana alrededor de $ 4 800 d\u00f3lares mensuales m\u00e1s vi\u00e1ticos, pasajes de avi\u00f3n, residencia, etc. Adem\u00e1s, poseen m\u00e1s asesores que un asamble\u00edsta provincial, cuenta con; 4 asesores y 2 asistentes cada parlamentario andino.<\/p>\n<p>Pese a ello, la nueva Parlamentaria Andina, Ver\u00f3nica Arias, recalc\u00f3, que las oficinas de los parlamentarios andinos se encuentran en Quito los otros d\u00edas del mes se re\u00fanen en cada una de las cinco comisiones de las que forman parte, mientras se encuentran dentro del pa\u00eds y \u201crealizar\u00e1 una rendici\u00f3n de cuenta permanente.\u201d Ratific\u00f3.<\/p>\n<p>www.lodelmomentoloja.com<br \/>\n#LDMnoticias #lodelmomentolojaLDM<\/p>\n","protected":false},"excerpt":{"rendered":"<p>#Loja | Ver\u00f3nica Arias, cuatro a\u00f1os m\u00e1s. Pero ahora, desde el Parlamento Andino Ver\u00f3nica Arias,&#8230;<\/p>\n","protected":false},"author":1,"featured_media":2980,"comment_status":"open","ping_status":"open","sticky":false,"template":"","format":"standard","meta":{"footnotes":""},"categories":[1],"tags":[],"class_list":["post-2979","post","type-post","status-publish","format-standard","has-post-thumbnail","hentry","category-inicio"],"_links":{"self":[{"href":"https:\/\/www.lodelmomentoloja.com\/index.php?rest_route=\/wp\/v2\/posts\/2979"}],"collection":[{"href":"https:\/\/www.lodelmomentoloja.com\/index.php?rest_route=\/wp\/v2\/posts"}],"about":[{"href":"https:\/\/www.lodelmomentoloja.com\/index.php?rest_route=\/wp\/v2\/types\/post"}],"author":[{"embeddable":true,"href":"https:\/\/www.lodelmomentoloja.com\/index.php?rest_route=\/wp\/v2\/users\/1"}],"replies":[{"embeddable":true,"href":"https:\/\/www.lodelmomentoloja.com\/index.php?rest_route=%2Fwp%2Fv2%2Fcomments&post=2979"}],"version-history":[{"count":1,"href":"https:\/\/www.lodelmomentoloja.com\/index.php?rest_route=\/wp\/v2\/posts\/2979\/revisions"}],"predecessor-version":[{"id":2981,"href":"https:\/\/www.lodelmomentoloja.com\/index.php?rest_route=\/wp\/v2\/posts\/2979\/revisions\/2981"}],"wp:featuredmedia":[{"embeddable":true,"href":"https:\/\/www.lodelmomentoloja.com\/index.php?rest_route=\/wp\/v2\/media\/2980"}],"wp:attachment":[{"href":"https:\/\/www.lodelmomentoloja.com\/index.php?rest_route=%2Fwp%2Fv2%2Fmedia&parent=2979"}],"wp:term":[{"taxonomy":"category","embeddable":true,"href":"https:\/\/www.lodelmomentoloja.com\/index.php?rest_route=%2Fwp%2Fv2%2Fcategories&post=2979"},{"taxonomy":"post_tag","embeddable":true,"href":"https:\/\/www.lodelmomentoloja.com\/index.php?rest_route=%2Fwp%2Fv2%2Ftags&post=2979"}],"curies":[{"name":"wp","href":"https:\/\/api.w.org\/{rel}","templated":true}]}}