{"id":29765,"date":"2026-01-21T09:02:07","date_gmt":"2026-01-21T09:02:07","guid":{"rendered":"https:\/\/www.lodelmomentoloja.com\/?p=29765"},"modified":"2026-01-21T15:03:44","modified_gmt":"2026-01-21T15:03:44","slug":"presidente-de-ecuador-viajara-a-panama-el-proximo-28-y-29-de-enero-2026","status":"publish","type":"post","link":"https:\/\/www.lodelmomentoloja.com\/?p=29765","title":{"rendered":"Presidente de Ecuador viajar\u00e1 a Panam\u00e1 el pr\u00f3ximo 28 y 29 de enero 2026."},"content":{"rendered":"<p>\ud83d\ude31\ud83d\udeeb\ud83d\udcc6\u00a1Un par de d\u00edas! El presidente de Ecuador, Dan13l N0bo4, viajar\u00e1 a Panam\u00e1 para participar en el Foro Econ\u00f3mico Internacional de Am\u00e9rica Latina y el Caribe, que se realizar\u00e1 los d\u00edas 28 y 29 de enero de 2026, tras su asistencia al Foro Econ\u00f3mico Mundial de Davos. El anuncio fue realizado por el presidente paname\u00f1o Jos\u00e9 Ra\u00fal Mulino, quien confirm\u00f3 la presencia de seis mandatarios latinoamericanos. El encuentro abordar\u00e1 estrategias para posicionar a Am\u00e9rica Latina en el contexto global y contar\u00e1 con la participaci\u00f3n de l\u00edderes como Lula da Silva (Brasil), Bernardo Ar\u00e9valo (Guatemala), Andrew Holness (Jamaica), Rodrigo Paz (Bolivia) y el presidente electo de Chile, Jos\u00e9 Antonio Kast.<\/p>\n<p>\ud83c\udf10\u2705 S\u00edguenos en nuestra p\u00e1gina verificada:<br \/>\nfacebook.com\/lodelmomentolojaEC<\/p>\n<p>\ud83c\udf10 Sitio web: www.lodelmomentoloja.com<br \/>\n<a class=\"x1i10hfl xjbqb8w x1ejq31n x18oe1m7 x1sy0etr xstzfhl x972fbf x10w94by x1qhh985 x14e42zd x9f619 x1ypdohk xt0psk2 x3ct3a4 xdj266r x14z9mp xat24cr x1lziwak xexx8yu xyri2b x18d9i69 x1c1uobl x16tdsg8 x1hl2dhg xggy1nq x1a2a7pz  _aa9_ _a6hd\" tabindex=\"0\" role=\"link\" href=\"https:\/\/www.instagram.com\/explore\/tags\/ldmnoticias\/\">#LDMnoticias<\/a>\u00a0<a class=\"x1i10hfl xjbqb8w x1ejq31n x18oe1m7 x1sy0etr xstzfhl x972fbf x10w94by x1qhh985 x14e42zd x9f619 x1ypdohk xt0psk2 x3ct3a4 xdj266r x14z9mp xat24cr x1lziwak xexx8yu xyri2b x18d9i69 x1c1uobl x16tdsg8 x1hl2dhg xggy1nq x1a2a7pz  _aa9_ _a6hd\" tabindex=\"0\" role=\"link\" href=\"https:\/\/www.instagram.com\/explore\/tags\/lodelmomentolojaldm\/\">#lodelmomentolojaLDM<\/a><\/p>\n","protected":false},"excerpt":{"rendered":"<p>\ud83d\ude31\ud83d\udeeb\ud83d\udcc6\u00a1Un par de d\u00edas! El presidente de Ecuador, Dan13l N0bo4, viajar\u00e1 a Panam\u00e1 para participar&#8230;<\/p>\n","protected":false},"author":1,"featured_media":29766,"comment_status":"open","ping_status":"open","sticky":false,"template":"","format":"standard","meta":{"footnotes":""},"categories":[7,1,4,5],"tags":[],"class_list":["post-29765","post","type-post","status-publish","format-standard","has-post-thumbnail","hentry","category-ecuador","category-inicio","category-internacional","category-loja"],"_links":{"self":[{"href":"https:\/\/www.lodelmomentoloja.com\/index.php?rest_route=\/wp\/v2\/posts\/29765"}],"collection":[{"href":"https:\/\/www.lodelmomentoloja.com\/index.php?rest_route=\/wp\/v2\/posts"}],"about":[{"href":"https:\/\/www.lodelmomentoloja.com\/index.php?rest_route=\/wp\/v2\/types\/post"}],"author":[{"embeddable":true,"href":"https:\/\/www.lodelmomentoloja.com\/index.php?rest_route=\/wp\/v2\/users\/1"}],"replies":[{"embeddable":true,"href":"https:\/\/www.lodelmomentoloja.com\/index.php?rest_route=%2Fwp%2Fv2%2Fcomments&post=29765"}],"version-history":[{"count":1,"href":"https:\/\/www.lodelmomentoloja.com\/index.php?rest_route=\/wp\/v2\/posts\/29765\/revisions"}],"predecessor-version":[{"id":29767,"href":"https:\/\/www.lodelmomentoloja.com\/index.php?rest_route=\/wp\/v2\/posts\/29765\/revisions\/29767"}],"wp:featuredmedia":[{"embeddable":true,"href":"https:\/\/www.lodelmomentoloja.com\/index.php?rest_route=\/wp\/v2\/media\/29766"}],"wp:attachment":[{"href":"https:\/\/www.lodelmomentoloja.com\/index.php?rest_route=%2Fwp%2Fv2%2Fmedia&parent=29765"}],"wp:term":[{"taxonomy":"category","embeddable":true,"href":"https:\/\/www.lodelmomentoloja.com\/index.php?rest_route=%2Fwp%2Fv2%2Fcategories&post=29765"},{"taxonomy":"post_tag","embeddable":true,"href":"https:\/\/www.lodelmomentoloja.com\/index.php?rest_route=%2Fwp%2Fv2%2Ftags&post=29765"}],"curies":[{"name":"wp","href":"https:\/\/api.w.org\/{rel}","templated":true}]}}