{"id":2958,"date":"2021-03-10T13:40:53","date_gmt":"2021-03-10T13:40:53","guid":{"rendered":"http:\/\/www.lodelmomentoloja.com\/?p=2958"},"modified":"2021-03-10T18:43:06","modified_gmt":"2021-03-10T18:43:06","slug":"abandonaron-el-barco-del-gobierno-de-moreno","status":"publish","type":"post","link":"https:\/\/www.lodelmomentoloja.com\/?p=2958","title":{"rendered":"Abandonaron el barco del Gobierno de Moreno."},"content":{"rendered":"<p>#Ecuador | Abandonaron el barco del Gobierno a menos de un a\u00f1o.<\/p>\n<p>A pocas semanas de culminar el actual gobierno del presidente Lenin Moreno, varias renuncias y pedidos de cargos se dieron en este \u00faltimo a\u00f1o (marzo 2020 a marzo 2021), entre las que destacaron la salida del Vicepresidente Sonnenholzner, el Ministro de Finanzas Richard Mart\u00ednez y la destituci\u00f3n de Mar\u00eda Paula Romo Ministra de Gobierno.<\/p>\n<p>Estos son los diferentes cambios que se han dado:<\/p>\n<p>&#8211; Marzo del 2020, Ra\u00fal Ledesma renuncia al Ministerio del Ambiente (Gobernaci\u00f3n y Ministerio de Trabajo)<br \/>\n&#8211; Marzo del 2020, Catalina Andramu\u00f1o renunci\u00f3 al Ministerio de Salud.<br \/>\n&#8211; Abril del 2020, Juan DeHowitt renunci\u00f3 al Ministerio del Ambiente.<br \/>\n&#8211; Mayo del 2020, Alexandra Ocles renunci\u00f3 a la Secretar\u00eda de Riesgos.<br \/>\n&#8211; Julio del 2020, Sonnenholzner renuncia a la Vicepresidencia del Ecuador.<br \/>\n&#8211; Julio del 2020, Pedro Pablo Duart renunci\u00f3 a la Gobernaci\u00f3n del Guayas.<br \/>\n&#8211; Octubre del 2020, Steven Petersen, renuncia de Viceministro de Ambiente.<br \/>\n&#8211; Octubre del 2020, Richard Mart\u00ednez renunci\u00f3 al Ministerio de Finanzas<br \/>\n&#8211; Octubre del 2020, Camilo Salinas renunci\u00f3 al cargo de Gobernador de Los R\u00edos.<br \/>\n&#8211; Noviembre del 2020, piden renuncia de Patricio Esp\u00edndola como Gobernador de Napo.<br \/>\n&#8211; Noviembre del 2020, Mar\u00eda Paula Romo fue destituida por la Asamblea.<br \/>\n&#8211; Febrero del 2021, Juan Sebasti\u00e1n Rold\u00e1n renuncia al Ministerio de Gobierno.<br \/>\n&#8211; Febrero del 2021, Juan Carlos Zevallos renuncia al Ministerio de Salud.<br \/>\n&#8211; Marzo del 2021, Jos\u00e9 Maya renunci\u00f3 a la Gobernaci\u00f3n de Cotopaxi.<br \/>\n&#8211; Marzo del 2021, Patricio Pazmi\u00f1o, renunci\u00f3 al Ministerio de Gobierno.<\/p>\n<p>www.lodelmomentoloja.com<br \/>\n#LDMnoticias #lodelmomentolojaLDM<\/p>\n","protected":false},"excerpt":{"rendered":"<p>#Ecuador | Abandonaron el barco del Gobierno a menos de un a\u00f1o. A pocas semanas&#8230;<\/p>\n","protected":false},"author":1,"featured_media":2959,"comment_status":"open","ping_status":"open","sticky":false,"template":"","format":"standard","meta":{"footnotes":""},"categories":[1],"tags":[],"class_list":["post-2958","post","type-post","status-publish","format-standard","has-post-thumbnail","hentry","category-inicio"],"_links":{"self":[{"href":"https:\/\/www.lodelmomentoloja.com\/index.php?rest_route=\/wp\/v2\/posts\/2958"}],"collection":[{"href":"https:\/\/www.lodelmomentoloja.com\/index.php?rest_route=\/wp\/v2\/posts"}],"about":[{"href":"https:\/\/www.lodelmomentoloja.com\/index.php?rest_route=\/wp\/v2\/types\/post"}],"author":[{"embeddable":true,"href":"https:\/\/www.lodelmomentoloja.com\/index.php?rest_route=\/wp\/v2\/users\/1"}],"replies":[{"embeddable":true,"href":"https:\/\/www.lodelmomentoloja.com\/index.php?rest_route=%2Fwp%2Fv2%2Fcomments&post=2958"}],"version-history":[{"count":1,"href":"https:\/\/www.lodelmomentoloja.com\/index.php?rest_route=\/wp\/v2\/posts\/2958\/revisions"}],"predecessor-version":[{"id":2960,"href":"https:\/\/www.lodelmomentoloja.com\/index.php?rest_route=\/wp\/v2\/posts\/2958\/revisions\/2960"}],"wp:featuredmedia":[{"embeddable":true,"href":"https:\/\/www.lodelmomentoloja.com\/index.php?rest_route=\/wp\/v2\/media\/2959"}],"wp:attachment":[{"href":"https:\/\/www.lodelmomentoloja.com\/index.php?rest_route=%2Fwp%2Fv2%2Fmedia&parent=2958"}],"wp:term":[{"taxonomy":"category","embeddable":true,"href":"https:\/\/www.lodelmomentoloja.com\/index.php?rest_route=%2Fwp%2Fv2%2Fcategories&post=2958"},{"taxonomy":"post_tag","embeddable":true,"href":"https:\/\/www.lodelmomentoloja.com\/index.php?rest_route=%2Fwp%2Fv2%2Ftags&post=2958"}],"curies":[{"name":"wp","href":"https:\/\/api.w.org\/{rel}","templated":true}]}}