{"id":2944,"date":"2021-03-09T15:00:50","date_gmt":"2021-03-09T15:00:50","guid":{"rendered":"http:\/\/www.lodelmomentoloja.com\/?p=2944"},"modified":"2021-03-09T20:04:57","modified_gmt":"2021-03-09T20:04:57","slug":"debate-presidencial-ecuador-2021","status":"publish","type":"post","link":"https:\/\/www.lodelmomentoloja.com\/?p=2944","title":{"rendered":"Debate presidencial Ecuador 2021"},"content":{"rendered":"<p>#Ecuador | CNE tiene previsto este mes de marzo el debate presidencial<\/p>\n<p>Seg\u00fan el cronograma que maneja el Consejo Nacional Electoral, la campa\u00f1a electoral de segunda vuelta presidencial se realizar\u00e1 desde el martes 16 de marzo hasta el jueves 08 de abril de 2021 para elegir al binomio presidencial que gobernar\u00e1 durante cuatro a\u00f1os hasta el 2025.<\/p>\n<p>El Vocal del CNE, Jos\u00e9 Cabrera, en su cuenta de Twitter anunci\u00f3 que para el 21 de marzo se realizar\u00e1 el debate presidencial en la ciudad de Guayaquil, \u201cpor primera vez en la historia del Ecuador se realizaran debates presidenciales obligatorios.\u201d Recalc\u00f3.<\/p>\n<p>Adem\u00e1s, anunci\u00f3 que, para la segunda vuelta electoral, se volver\u00e1n a probar los equipos inform\u00e1ticos y t\u00e9cnicos siendo un ejercicio obligatorio \u201cpara garantizar el \u00e9xito de la jornada electoral\u201d manifest\u00f3 el vocal electoral Jos\u00e9 Cabrera.<\/p>\n<p>www.lodelmomentoloja.com<br \/>\n#LDMnoticias #lodelmomentolojaLDM<\/p>\n","protected":false},"excerpt":{"rendered":"<p>#Ecuador | CNE tiene previsto este mes de marzo el debate presidencial Seg\u00fan el cronograma&#8230;<\/p>\n","protected":false},"author":1,"featured_media":2945,"comment_status":"open","ping_status":"open","sticky":false,"template":"","format":"standard","meta":{"footnotes":""},"categories":[1],"tags":[],"class_list":["post-2944","post","type-post","status-publish","format-standard","has-post-thumbnail","hentry","category-inicio"],"_links":{"self":[{"href":"https:\/\/www.lodelmomentoloja.com\/index.php?rest_route=\/wp\/v2\/posts\/2944"}],"collection":[{"href":"https:\/\/www.lodelmomentoloja.com\/index.php?rest_route=\/wp\/v2\/posts"}],"about":[{"href":"https:\/\/www.lodelmomentoloja.com\/index.php?rest_route=\/wp\/v2\/types\/post"}],"author":[{"embeddable":true,"href":"https:\/\/www.lodelmomentoloja.com\/index.php?rest_route=\/wp\/v2\/users\/1"}],"replies":[{"embeddable":true,"href":"https:\/\/www.lodelmomentoloja.com\/index.php?rest_route=%2Fwp%2Fv2%2Fcomments&post=2944"}],"version-history":[{"count":1,"href":"https:\/\/www.lodelmomentoloja.com\/index.php?rest_route=\/wp\/v2\/posts\/2944\/revisions"}],"predecessor-version":[{"id":2946,"href":"https:\/\/www.lodelmomentoloja.com\/index.php?rest_route=\/wp\/v2\/posts\/2944\/revisions\/2946"}],"wp:featuredmedia":[{"embeddable":true,"href":"https:\/\/www.lodelmomentoloja.com\/index.php?rest_route=\/wp\/v2\/media\/2945"}],"wp:attachment":[{"href":"https:\/\/www.lodelmomentoloja.com\/index.php?rest_route=%2Fwp%2Fv2%2Fmedia&parent=2944"}],"wp:term":[{"taxonomy":"category","embeddable":true,"href":"https:\/\/www.lodelmomentoloja.com\/index.php?rest_route=%2Fwp%2Fv2%2Fcategories&post=2944"},{"taxonomy":"post_tag","embeddable":true,"href":"https:\/\/www.lodelmomentoloja.com\/index.php?rest_route=%2Fwp%2Fv2%2Ftags&post=2944"}],"curies":[{"name":"wp","href":"https:\/\/api.w.org\/{rel}","templated":true}]}}