{"id":2932,"date":"2021-03-09T10:00:05","date_gmt":"2021-03-09T10:00:05","guid":{"rendered":"http:\/\/www.lodelmomentoloja.com\/?p=2932"},"modified":"2021-03-09T15:00:19","modified_gmt":"2021-03-09T15:00:19","slug":"nuevo-secretario-del-gabinete-de-moreno","status":"publish","type":"post","link":"https:\/\/www.lodelmomentoloja.com\/?p=2932","title":{"rendered":"Nuevo secretario del gabinete de Moreno."},"content":{"rendered":"<p>#Nacional | Jorge Wated deja el directorio del IESS y pasa a ser secretario del Gabinete de Moreno.<\/p>\n<p>El presidente Len\u00edn Moreno design\u00f3 oficialmente a Jorge Wated como Secretario General de Gabinete de la Presidencia de la Rep\u00fablica. El decreto fue firmado este 8 de marzo de 2021. Antes de dicha designaci\u00f3n, el mandatario acept\u00f3 la renuncia de Wated como representante principal de la Funci\u00f3n Ejecutiva ante el Consejo Directivo del Instituto Ecuatoriano de Seguridad Social (IESS), que ocup\u00f3 ese cargo desde mayo de 2020.<\/p>\n<p>Por ahora no se ha confirmado qui\u00e9n ser\u00e1 el nuevo delegado de la Funci\u00f3n ejecutiva ante el IESS.<\/p>\n<p>www.lodelmomentoloja.com<br \/>\n#LDMnoticias #lodelmomentolojaLDM<\/p>\n","protected":false},"excerpt":{"rendered":"<p>#Nacional | Jorge Wated deja el directorio del IESS y pasa a ser secretario del&#8230;<\/p>\n","protected":false},"author":1,"featured_media":2933,"comment_status":"open","ping_status":"open","sticky":false,"template":"","format":"standard","meta":{"footnotes":""},"categories":[1],"tags":[],"class_list":["post-2932","post","type-post","status-publish","format-standard","has-post-thumbnail","hentry","category-inicio"],"_links":{"self":[{"href":"https:\/\/www.lodelmomentoloja.com\/index.php?rest_route=\/wp\/v2\/posts\/2932"}],"collection":[{"href":"https:\/\/www.lodelmomentoloja.com\/index.php?rest_route=\/wp\/v2\/posts"}],"about":[{"href":"https:\/\/www.lodelmomentoloja.com\/index.php?rest_route=\/wp\/v2\/types\/post"}],"author":[{"embeddable":true,"href":"https:\/\/www.lodelmomentoloja.com\/index.php?rest_route=\/wp\/v2\/users\/1"}],"replies":[{"embeddable":true,"href":"https:\/\/www.lodelmomentoloja.com\/index.php?rest_route=%2Fwp%2Fv2%2Fcomments&post=2932"}],"version-history":[{"count":1,"href":"https:\/\/www.lodelmomentoloja.com\/index.php?rest_route=\/wp\/v2\/posts\/2932\/revisions"}],"predecessor-version":[{"id":2934,"href":"https:\/\/www.lodelmomentoloja.com\/index.php?rest_route=\/wp\/v2\/posts\/2932\/revisions\/2934"}],"wp:featuredmedia":[{"embeddable":true,"href":"https:\/\/www.lodelmomentoloja.com\/index.php?rest_route=\/wp\/v2\/media\/2933"}],"wp:attachment":[{"href":"https:\/\/www.lodelmomentoloja.com\/index.php?rest_route=%2Fwp%2Fv2%2Fmedia&parent=2932"}],"wp:term":[{"taxonomy":"category","embeddable":true,"href":"https:\/\/www.lodelmomentoloja.com\/index.php?rest_route=%2Fwp%2Fv2%2Fcategories&post=2932"},{"taxonomy":"post_tag","embeddable":true,"href":"https:\/\/www.lodelmomentoloja.com\/index.php?rest_route=%2Fwp%2Fv2%2Ftags&post=2932"}],"curies":[{"name":"wp","href":"https:\/\/api.w.org\/{rel}","templated":true}]}}