{"id":29312,"date":"2025-12-16T09:06:21","date_gmt":"2025-12-16T09:06:21","guid":{"rendered":"https:\/\/www.lodelmomentoloja.com\/?p=29312"},"modified":"2025-12-16T15:09:06","modified_gmt":"2025-12-16T15:09:06","slug":"directivos-de-reto-apoyan-al-presidente-de-la-bancada-y-rechazan-a-coidearios-que-apoyaron-el-si","status":"publish","type":"post","link":"https:\/\/www.lodelmomentoloja.com\/?p=29312","title":{"rendered":"Directivos de RETO apoyan al presidente de la bancada y rechazan a coidearios que apoyaron el &#8216;SI&#8217;"},"content":{"rendered":"<p>\ud83d\ude31\ud83d\udde3\ufe0f\ud83d\udeab\u00a1Buscan desestabilizar! Un grupo reducido de adeptos del movimiento RETO solicit\u00f3 la apertura de un proceso disciplinario contra el presidente nacional, Ra\u00fal Ch\u00e1vez, por no registrar ante el CNE reformas internas aprobadas en julio de 2025, se\u00f1alando afectaciones a la legalidad y transparencia.<\/p>\n<p><img loading=\"lazy\" decoding=\"async\" class=\"alignnone size-medium wp-image-29314\" src=\"http:\/\/www.lodelmomentoloja.com\/wp-content\/uploads\/2025\/12\/WhatsApp-Image-2025-12-16-at-8.10.34-AM-300x293.jpeg\" alt=\"\" width=\"300\" height=\"293\" srcset=\"https:\/\/www.lodelmomentoloja.com\/wp-content\/uploads\/2025\/12\/WhatsApp-Image-2025-12-16-at-8.10.34-AM-300x293.jpeg 300w, https:\/\/www.lodelmomentoloja.com\/wp-content\/uploads\/2025\/12\/WhatsApp-Image-2025-12-16-at-8.10.34-AM-1024x998.jpeg 1024w, https:\/\/www.lodelmomentoloja.com\/wp-content\/uploads\/2025\/12\/WhatsApp-Image-2025-12-16-at-8.10.34-AM-768x749.jpeg 768w, https:\/\/www.lodelmomentoloja.com\/wp-content\/uploads\/2025\/12\/WhatsApp-Image-2025-12-16-at-8.10.34-AM-640x624.jpeg 640w, https:\/\/www.lodelmomentoloja.com\/wp-content\/uploads\/2025\/12\/WhatsApp-Image-2025-12-16-at-8.10.34-AM.jpeg 1080w\" sizes=\"(max-width: 300px) 100vw, 300px\" \/><\/p>\n<p>Por su parte, la Directiva Nacional y la gran mayor\u00eda de dirigentes provinciales rechazan esta acci\u00f3n, calific\u00e1ndola como un intento de desestabilizaci\u00f3n, ratificaron su respaldo al presidente y pidieron sanciones contra los denunciantes ante el Consejo de Disciplina y \u00c9tica del movimiento. La deducci\u00f3n, es que est\u00e9 grupo peque\u00f1o, estar\u00eda siendo adeptos del movimiento ADN, camuflados de RETO, entre ellos, los de Ca\u00f1ar y Loja.<\/p>\n<p><img loading=\"lazy\" decoding=\"async\" class=\"alignnone size-medium wp-image-29315\" src=\"http:\/\/www.lodelmomentoloja.com\/wp-content\/uploads\/2025\/12\/WhatsApp-Image-2025-12-16-at-8.08.45-AM-241x300.jpeg\" alt=\"\" width=\"241\" height=\"300\" srcset=\"https:\/\/www.lodelmomentoloja.com\/wp-content\/uploads\/2025\/12\/WhatsApp-Image-2025-12-16-at-8.08.45-AM-241x300.jpeg 241w, https:\/\/www.lodelmomentoloja.com\/wp-content\/uploads\/2025\/12\/WhatsApp-Image-2025-12-16-at-8.08.45-AM-821x1024.jpeg 821w, https:\/\/www.lodelmomentoloja.com\/wp-content\/uploads\/2025\/12\/WhatsApp-Image-2025-12-16-at-8.08.45-AM-768x958.jpeg 768w, https:\/\/www.lodelmomentoloja.com\/wp-content\/uploads\/2025\/12\/WhatsApp-Image-2025-12-16-at-8.08.45-AM-640x798.jpeg 640w, https:\/\/www.lodelmomentoloja.com\/wp-content\/uploads\/2025\/12\/WhatsApp-Image-2025-12-16-at-8.08.45-AM-1024x1277.jpeg 1024w, https:\/\/www.lodelmomentoloja.com\/wp-content\/uploads\/2025\/12\/WhatsApp-Image-2025-12-16-at-8.08.45-AM.jpeg 1080w\" sizes=\"(max-width: 241px) 100vw, 241px\" \/><\/p>\n<p>\ud83c\udf10\u2705 S\u00edguenos en nuestra p\u00e1gina verificada: https:\/\/www.facebook.com\/lodelmomentolojaEC<\/p>\n<p>www.lodelmomentoloja.com<br \/>\n<a class=\"x1i10hfl xjbqb8w x1ejq31n x18oe1m7 x1sy0etr xstzfhl x972fbf x10w94by x1qhh985 x14e42zd x9f619 x1ypdohk xt0psk2 x3ct3a4 xdj266r x14z9mp xat24cr x1lziwak xexx8yu xyri2b x18d9i69 x1c1uobl x16tdsg8 x1hl2dhg xggy1nq x1a2a7pz  _aa9_ _a6hd\" tabindex=\"0\" role=\"link\" href=\"https:\/\/www.instagram.com\/explore\/tags\/ldmnoticias\/\">#LDMnoticias<\/a>\u00a0<a class=\"x1i10hfl xjbqb8w x1ejq31n x18oe1m7 x1sy0etr xstzfhl x972fbf x10w94by x1qhh985 x14e42zd x9f619 x1ypdohk xt0psk2 x3ct3a4 xdj266r x14z9mp xat24cr x1lziwak xexx8yu xyri2b x18d9i69 x1c1uobl x16tdsg8 x1hl2dhg xggy1nq x1a2a7pz  _aa9_ _a6hd\" tabindex=\"0\" role=\"link\" href=\"https:\/\/www.instagram.com\/explore\/tags\/lodelmomentolojaldm\/\">#lodelmomentolojaLDM<\/a><\/p>\n","protected":false},"excerpt":{"rendered":"<p>\ud83d\ude31\ud83d\udde3\ufe0f\ud83d\udeab\u00a1Buscan desestabilizar! Un grupo reducido de adeptos del movimiento RETO solicit\u00f3 la apertura de un&#8230;<\/p>\n","protected":false},"author":1,"featured_media":29313,"comment_status":"open","ping_status":"open","sticky":false,"template":"","format":"standard","meta":{"footnotes":""},"categories":[7,1,5],"tags":[],"class_list":["post-29312","post","type-post","status-publish","format-standard","has-post-thumbnail","hentry","category-ecuador","category-inicio","category-loja"],"_links":{"self":[{"href":"https:\/\/www.lodelmomentoloja.com\/index.php?rest_route=\/wp\/v2\/posts\/29312"}],"collection":[{"href":"https:\/\/www.lodelmomentoloja.com\/index.php?rest_route=\/wp\/v2\/posts"}],"about":[{"href":"https:\/\/www.lodelmomentoloja.com\/index.php?rest_route=\/wp\/v2\/types\/post"}],"author":[{"embeddable":true,"href":"https:\/\/www.lodelmomentoloja.com\/index.php?rest_route=\/wp\/v2\/users\/1"}],"replies":[{"embeddable":true,"href":"https:\/\/www.lodelmomentoloja.com\/index.php?rest_route=%2Fwp%2Fv2%2Fcomments&post=29312"}],"version-history":[{"count":1,"href":"https:\/\/www.lodelmomentoloja.com\/index.php?rest_route=\/wp\/v2\/posts\/29312\/revisions"}],"predecessor-version":[{"id":29316,"href":"https:\/\/www.lodelmomentoloja.com\/index.php?rest_route=\/wp\/v2\/posts\/29312\/revisions\/29316"}],"wp:featuredmedia":[{"embeddable":true,"href":"https:\/\/www.lodelmomentoloja.com\/index.php?rest_route=\/wp\/v2\/media\/29313"}],"wp:attachment":[{"href":"https:\/\/www.lodelmomentoloja.com\/index.php?rest_route=%2Fwp%2Fv2%2Fmedia&parent=29312"}],"wp:term":[{"taxonomy":"category","embeddable":true,"href":"https:\/\/www.lodelmomentoloja.com\/index.php?rest_route=%2Fwp%2Fv2%2Fcategories&post=29312"},{"taxonomy":"post_tag","embeddable":true,"href":"https:\/\/www.lodelmomentoloja.com\/index.php?rest_route=%2Fwp%2Fv2%2Ftags&post=29312"}],"curies":[{"name":"wp","href":"https:\/\/api.w.org\/{rel}","templated":true}]}}