{"id":29262,"date":"2025-12-12T11:45:24","date_gmt":"2025-12-12T11:45:24","guid":{"rendered":"https:\/\/www.lodelmomentoloja.com\/?p=29262"},"modified":"2025-12-12T16:48:47","modified_gmt":"2025-12-12T16:48:47","slug":"intendente-de-la-policia-es-expuesto-como-muy-radical","status":"publish","type":"post","link":"https:\/\/www.lodelmomentoloja.com\/?p=29262","title":{"rendered":"Intendente de la Polic\u00eda es expuesto como &#8216;muy radical&#8217;."},"content":{"rendered":"<p>\ud83d\ude12\ud83d\udc40\u26a0\ufe0f \u00a1Y hecho el bravo! El actual Intendente, coronel en servicio pasivo Germ\u00e1n Cevallos Sevilla que lleg\u00f3 al cargo desde el 16 de septiembre del 2025, en menos de tres meses ha generado mucha pol\u00e9mica y desconformidad sobre su actuar, no solo por su severa y hasta radical al momento de cerrar varios locales comerciales de diferentes sector de la provincia de Loja, especialmente en la ciudad de Loja.<\/p>\n<p>Usuarios afectados, han expresado su preocupaci\u00f3n sobre este funcionario, a quien inculpan de una actitud arrogante al realizar los procedimientos: &#8220;A mi me cerr\u00f3 el local, le ped\u00ed justificaci\u00f3n y me contest\u00f3 de una forma tan grosera que solo le falt\u00f3 pegarme&#8221; dijo un adjudicatario de la ciudadela Zamora.<\/p>\n<p>Hemos intentado comunicarnos con el intendente desde el d\u00eda de ayer, 11 de diciembre, pero no hay respuestas por parte del funcionario en menci\u00f3n.<\/p>\n<p>\ud83c\udf10\u2705 S\u00edguenos en nuestra p\u00e1gina verificada: https:\/\/www.facebook.com\/lodelmomentolojaEC<\/p>\n<p>www.lodelmomentoloja.com<br \/>\n<a class=\"x1i10hfl xjbqb8w x1ejq31n x18oe1m7 x1sy0etr xstzfhl x972fbf x10w94by x1qhh985 x14e42zd x9f619 x1ypdohk xt0psk2 x3ct3a4 xdj266r x14z9mp xat24cr x1lziwak xexx8yu xyri2b x18d9i69 x1c1uobl x16tdsg8 x1hl2dhg xggy1nq x1a2a7pz  _aa9_ _a6hd\" tabindex=\"0\" role=\"link\" href=\"https:\/\/www.instagram.com\/explore\/tags\/ldmnoticias\/\">#LDMnoticias<\/a>\u00a0<a class=\"x1i10hfl xjbqb8w x1ejq31n x18oe1m7 x1sy0etr xstzfhl x972fbf x10w94by x1qhh985 x14e42zd x9f619 x1ypdohk xt0psk2 x3ct3a4 xdj266r x14z9mp xat24cr x1lziwak xexx8yu xyri2b x18d9i69 x1c1uobl x16tdsg8 x1hl2dhg xggy1nq x1a2a7pz  _aa9_ _a6hd\" tabindex=\"0\" role=\"link\" href=\"https:\/\/www.instagram.com\/explore\/tags\/lodelmomentolojaldm\/\">#lodelmomentolojaLDM<\/a><\/p>\n","protected":false},"excerpt":{"rendered":"<p>\ud83d\ude12\ud83d\udc40\u26a0\ufe0f \u00a1Y hecho el bravo! El actual Intendente, coronel en servicio pasivo Germ\u00e1n Cevallos Sevilla&#8230;<\/p>\n","protected":false},"author":1,"featured_media":29263,"comment_status":"open","ping_status":"open","sticky":false,"template":"","format":"standard","meta":{"footnotes":""},"categories":[7,1,5,6],"tags":[],"class_list":["post-29262","post","type-post","status-publish","format-standard","has-post-thumbnail","hentry","category-ecuador","category-inicio","category-loja","category-zamora"],"_links":{"self":[{"href":"https:\/\/www.lodelmomentoloja.com\/index.php?rest_route=\/wp\/v2\/posts\/29262"}],"collection":[{"href":"https:\/\/www.lodelmomentoloja.com\/index.php?rest_route=\/wp\/v2\/posts"}],"about":[{"href":"https:\/\/www.lodelmomentoloja.com\/index.php?rest_route=\/wp\/v2\/types\/post"}],"author":[{"embeddable":true,"href":"https:\/\/www.lodelmomentoloja.com\/index.php?rest_route=\/wp\/v2\/users\/1"}],"replies":[{"embeddable":true,"href":"https:\/\/www.lodelmomentoloja.com\/index.php?rest_route=%2Fwp%2Fv2%2Fcomments&post=29262"}],"version-history":[{"count":1,"href":"https:\/\/www.lodelmomentoloja.com\/index.php?rest_route=\/wp\/v2\/posts\/29262\/revisions"}],"predecessor-version":[{"id":29264,"href":"https:\/\/www.lodelmomentoloja.com\/index.php?rest_route=\/wp\/v2\/posts\/29262\/revisions\/29264"}],"wp:featuredmedia":[{"embeddable":true,"href":"https:\/\/www.lodelmomentoloja.com\/index.php?rest_route=\/wp\/v2\/media\/29263"}],"wp:attachment":[{"href":"https:\/\/www.lodelmomentoloja.com\/index.php?rest_route=%2Fwp%2Fv2%2Fmedia&parent=29262"}],"wp:term":[{"taxonomy":"category","embeddable":true,"href":"https:\/\/www.lodelmomentoloja.com\/index.php?rest_route=%2Fwp%2Fv2%2Fcategories&post=29262"},{"taxonomy":"post_tag","embeddable":true,"href":"https:\/\/www.lodelmomentoloja.com\/index.php?rest_route=%2Fwp%2Fv2%2Ftags&post=29262"}],"curies":[{"name":"wp","href":"https:\/\/api.w.org\/{rel}","templated":true}]}}