{"id":2925,"date":"2021-03-08T18:00:31","date_gmt":"2021-03-08T18:00:31","guid":{"rendered":"http:\/\/www.lodelmomentoloja.com\/?p=2925"},"modified":"2021-03-08T23:11:11","modified_gmt":"2021-03-08T23:11:11","slug":"22-anos-del-feriado-bancario-en-ecuador","status":"publish","type":"post","link":"https:\/\/www.lodelmomentoloja.com\/?p=2925","title":{"rendered":"22 A\u00d1OS DEL FERIADO BANCARIO EN ECUADOR"},"content":{"rendered":"<p>Un lunes 8 de marzo de 1999 inici\u00f3 la mayor crisis social, econ\u00f3mica y financiera que hubiera tenido la historia del Ecuador, la Junta Bancaria resolvi\u00f3 declarar un feriado bancario por un d\u00eda, pero finalmente dur\u00f3 5, lapso en el cual todas las transacciones bancarias estuvieron suspendidas. Sumado a ello, el decret\u00f3 por el expresidente de aquel entonces Jamil Mahuad, que congel\u00f3 por un a\u00f1o miles de millones de d\u00f3lares, distribuidos: 1.840 millones de la banca privada, 681,2 millones de la banca Off Shore y 145 millones de d\u00f3lares de las sociedades financieras, cooperativistas y mutualistas.<\/p>\n<p><img loading=\"lazy\" decoding=\"async\" class=\"alignnone wp-image-2927 size-full\" src=\"http:\/\/www.lodelmomentoloja.com\/wp-content\/uploads\/2021\/03\/5c943716e2f5f.jpeg\" alt=\"\" width=\"612\" height=\"340\" srcset=\"https:\/\/www.lodelmomentoloja.com\/wp-content\/uploads\/2021\/03\/5c943716e2f5f.jpeg 612w, https:\/\/www.lodelmomentoloja.com\/wp-content\/uploads\/2021\/03\/5c943716e2f5f-300x167.jpeg 300w\" sizes=\"(max-width: 612px) 100vw, 612px\" \/><\/p>\n<p>El decreto firmado por Mahuad tendr\u00eda como objetivo el salvataje de la banca, pero deriv\u00f3 en la mayor crisis que ha tenido el Ecuador y trajo una perdida de 8.600 millones de d\u00f3lares.\u00a0 Las perdidas sociales fueron mayores, el Estado asumi\u00f3 los costos lo pag\u00f3 la poblaci\u00f3n al aplicar medidas como la reducci\u00f3n de la inversi\u00f3n p\u00fablica subida y la subida a los costos de los servicios. \u00bfQu\u00e9 consecuencias trajo?<\/p>\n<ul>\n<li>Inflaci\u00f3n escal\u00f3 al 60%.<\/li>\n<li>Actividad econ\u00f3mica de -8%.<\/li>\n<li>El desempleo aument\u00f3 del 9 al 17%.<\/li>\n<li>El sucre se depreci\u00f3 en 195%<\/li>\n<\/ul>\n<p>M\u00e1s de 3&#8217;000.000 millones de ecuatorianos migraron a Europa y Estados Unidos en b\u00fasqueda de mejores d\u00edas para sus seres queridos.<\/p>\n<p>En enero del a\u00f1o 2.000, el Gobierno decret\u00f3 la dolarizaci\u00f3n en una paridad de 25.000 sucres por d\u00f3lar.<\/p>\n<p><img loading=\"lazy\" decoding=\"async\" class=\"alignnone wp-image-2928 size-full\" src=\"http:\/\/www.lodelmomentoloja.com\/wp-content\/uploads\/2021\/03\/EkU-BB-WsAIcOMI.jpg\" alt=\"\" width=\"1000\" height=\"541\" srcset=\"https:\/\/www.lodelmomentoloja.com\/wp-content\/uploads\/2021\/03\/EkU-BB-WsAIcOMI.jpg 1000w, https:\/\/www.lodelmomentoloja.com\/wp-content\/uploads\/2021\/03\/EkU-BB-WsAIcOMI-300x162.jpg 300w, https:\/\/www.lodelmomentoloja.com\/wp-content\/uploads\/2021\/03\/EkU-BB-WsAIcOMI-768x415.jpg 768w, https:\/\/www.lodelmomentoloja.com\/wp-content\/uploads\/2021\/03\/EkU-BB-WsAIcOMI-640x346.jpg 640w\" sizes=\"(max-width: 1000px) 100vw, 1000px\" \/><\/p>\n<p>Tras haberse cumplido 22 a\u00f1os este 8 de marzo del 2021, muchos ecuatorianos recuerdan con nostalgia tal acontecimiento que marc\u00f3 la vida de muchas personas, miles de familias se separaron y millones de vivencias a\u00fan quedan en la mente de los afectados. Hoy en d\u00eda, estos ciudadanos que retornaron al pa\u00eds, invirtieron sus dineros en varias actividades empresariales con la finalidad de consolidar o aumentar sus ahorros, sin duda alguna, fueron un puntal para equilibrar la econom\u00eda del pa\u00eds.<\/p>\n<p>#LDMnoticias #lodelmomentolojaLDM<\/p>\n","protected":false},"excerpt":{"rendered":"<p>Un lunes 8 de marzo de 1999 inici\u00f3 la mayor crisis social, econ\u00f3mica y financiera&#8230;<\/p>\n","protected":false},"author":1,"featured_media":2926,"comment_status":"open","ping_status":"open","sticky":false,"template":"","format":"standard","meta":{"footnotes":""},"categories":[7,1],"tags":[],"class_list":["post-2925","post","type-post","status-publish","format-standard","has-post-thumbnail","hentry","category-ecuador","category-inicio"],"_links":{"self":[{"href":"https:\/\/www.lodelmomentoloja.com\/index.php?rest_route=\/wp\/v2\/posts\/2925"}],"collection":[{"href":"https:\/\/www.lodelmomentoloja.com\/index.php?rest_route=\/wp\/v2\/posts"}],"about":[{"href":"https:\/\/www.lodelmomentoloja.com\/index.php?rest_route=\/wp\/v2\/types\/post"}],"author":[{"embeddable":true,"href":"https:\/\/www.lodelmomentoloja.com\/index.php?rest_route=\/wp\/v2\/users\/1"}],"replies":[{"embeddable":true,"href":"https:\/\/www.lodelmomentoloja.com\/index.php?rest_route=%2Fwp%2Fv2%2Fcomments&post=2925"}],"version-history":[{"count":1,"href":"https:\/\/www.lodelmomentoloja.com\/index.php?rest_route=\/wp\/v2\/posts\/2925\/revisions"}],"predecessor-version":[{"id":2929,"href":"https:\/\/www.lodelmomentoloja.com\/index.php?rest_route=\/wp\/v2\/posts\/2925\/revisions\/2929"}],"wp:featuredmedia":[{"embeddable":true,"href":"https:\/\/www.lodelmomentoloja.com\/index.php?rest_route=\/wp\/v2\/media\/2926"}],"wp:attachment":[{"href":"https:\/\/www.lodelmomentoloja.com\/index.php?rest_route=%2Fwp%2Fv2%2Fmedia&parent=2925"}],"wp:term":[{"taxonomy":"category","embeddable":true,"href":"https:\/\/www.lodelmomentoloja.com\/index.php?rest_route=%2Fwp%2Fv2%2Fcategories&post=2925"},{"taxonomy":"post_tag","embeddable":true,"href":"https:\/\/www.lodelmomentoloja.com\/index.php?rest_route=%2Fwp%2Fv2%2Ftags&post=2925"}],"curies":[{"name":"wp","href":"https:\/\/api.w.org\/{rel}","templated":true}]}}