{"id":29249,"date":"2025-12-11T17:26:23","date_gmt":"2025-12-11T17:26:23","guid":{"rendered":"https:\/\/www.lodelmomentoloja.com\/?p=29249"},"modified":"2025-12-11T22:31:16","modified_gmt":"2025-12-11T22:31:16","slug":"bancada-adn-acusa-a-juan-andres-gonzalez-de-supuesto-cobro-de-diezmos","status":"publish","type":"post","link":"https:\/\/www.lodelmomentoloja.com\/?p=29249","title":{"rendered":"Bancada ADN acusa a Juan Andr\u00e9s Gonz\u00e1lez de supuesto cobro de diezmos"},"content":{"rendered":"<p class=\"selectable-text copyable-text x15bjb6t x1n2onr6\"><span class=\"x19la9d6 x1fc57z9 x6ikm8r x10wlt62 x19co3pv x11tp94h xfibh0p xiy17q3 x1xsqp64 x1lkfr7t xexx8yu xyri2b x18d9i69 x1c1uobl\"><span class=\"xrtxmta x1bhl96m\"><img loading=\"lazy\" decoding=\"async\" class=\"wp-image-29250 aligncenter\" src=\"http:\/\/www.lodelmomentoloja.com\/wp-content\/uploads\/2025\/12\/NOTA-VIDEO-3-1-300x169.jpg\" alt=\"\" width=\"1044\" height=\"588\" srcset=\"https:\/\/www.lodelmomentoloja.com\/wp-content\/uploads\/2025\/12\/NOTA-VIDEO-3-1-300x169.jpg 300w, https:\/\/www.lodelmomentoloja.com\/wp-content\/uploads\/2025\/12\/NOTA-VIDEO-3-1-1024x576.jpg 1024w, https:\/\/www.lodelmomentoloja.com\/wp-content\/uploads\/2025\/12\/NOTA-VIDEO-3-1-768x432.jpg 768w, https:\/\/www.lodelmomentoloja.com\/wp-content\/uploads\/2025\/12\/NOTA-VIDEO-3-1-640x360.jpg 640w, https:\/\/www.lodelmomentoloja.com\/wp-content\/uploads\/2025\/12\/NOTA-VIDEO-3-1-1536x864.jpg 1536w, https:\/\/www.lodelmomentoloja.com\/wp-content\/uploads\/2025\/12\/NOTA-VIDEO-3-1.jpg 1920w\" sizes=\"(max-width: 1044px) 100vw, 1044px\" \/><\/p>\n<p>\ud83d\udcb8<\/span><\/span><span class=\"x19la9d6 x1fc57z9 x6ikm8r x10wlt62 x19co3pv x11tp94h xfibh0p xiy17q3 x1xsqp64 x1lkfr7t xexx8yu xyri2b x18d9i69 x1c1uobl\"><span class=\"xrtxmta x1bhl96m\">\ud83e\udd11<\/span><\/span><span class=\"x19la9d6 x1fc57z9 x6ikm8r x10wlt62 x19co3pv x11tp94h xfibh0p xiy17q3 x1xsqp64 x1lkfr7t xexx8yu xyri2b x18d9i69 x1c1uobl\"><span class=\"xrtxmta x1bhl96m\">\ud83d\udc49\ud83c\udffb<\/span><\/span><span class=\"selectable-text copyable-text xkrh14z\"> \u00a1En el ojo del hurac\u00e1n! La asamble\u00edsta del oficialismo, Ana Bel\u00e9n Tapia denunci\u00f3 este jueves al jefe de bancada de la Revoluci\u00f3n Ciudadana, Juan Andr\u00e9s Gonz\u00e1lez por un presunto cobro de \u201cdiezmos\u201d a un exasistente, mismos que superar\u00edan los $2.000, acusaciones que fueron negadas por el asamble\u00edsta lojano.<\/p>\n<p><\/span><\/p>\n<div style=\"width: 640px;\" class=\"wp-video\"><!--[if lt IE 9]><script>document.createElement('video');<\/script><![endif]-->\n<video class=\"wp-video-shortcode\" id=\"video-29249-1\" width=\"640\" height=\"360\" preload=\"metadata\" controls=\"controls\"><source type=\"video\/mp4\" src=\"http:\/\/www.lodelmomentoloja.com\/wp-content\/uploads\/2025\/12\/SUPUESTO-COBRO-DE-DIEZMOS-REDUCIDO.mp4?_=1\" \/><a href=\"http:\/\/www.lodelmomentoloja.com\/wp-content\/uploads\/2025\/12\/SUPUESTO-COBRO-DE-DIEZMOS-REDUCIDO.mp4\">http:\/\/www.lodelmomentoloja.com\/wp-content\/uploads\/2025\/12\/SUPUESTO-COBRO-DE-DIEZMOS-REDUCIDO.mp4<\/a><\/video><\/div>\n<p class=\"selectable-text copyable-text x15bjb6t x1n2onr6\"><span class=\"selectable-text copyable-text xkrh14z\">\u00a0<\/span><\/p>\n<p>La asamble\u00edsta del oficialismo, Ana Bel\u00e9n Tapia denunci\u00f3 este jueves al jefe de bancada de la Revoluci\u00f3n Ciudadana, Juan Andr\u00e9s Gonz\u00e1lez por un presunto cobro de \u201cdiezmos\u201d a un exasistente, mismos que superar\u00edan los $2.000.<\/p>\n<p>La legisladora dijo que Gonz\u00e1lez acudi\u00f3 a 1nsvlt0s y 3gr3s10n3 verbales en contra del implicado, incluida una 4m3n4z4 para que presente su renuncia.<\/p>\n<p>Una pol\u00e9mica que, surge en medio de las acusaciones del asamble\u00edsta hacia el Gobierno de Noboa por estar detr\u00e1s del supuesto 4t3nt4d0 con 3xpl0s1v0s en la Bah\u00eda de Guayaquil en junio pasado, incluso, el legislador present\u00f3 documentos m\u00e9dicos de una persona que vive en la misma direcci\u00f3n del principal sospechoso del 4t4qu3.<\/p>\n<p>Por su parte, la bancada corre\u00edsta se pronunci\u00f3 a trav\u00e9s de un comunicado respaldando a Gonz\u00e1lez aduciendo que la arremetida de ADN se tratar\u00eda de una persecuci\u00f3n pol\u00edtica \u201cno puede ser perseguido por actos u opiniones emitidas en el cumplimiento de su cargo. La acusaci\u00f3n carece de sustento y pretende silenciar la verdad\u201d, se\u00f1ala el comunicado.<\/p>\n<p>Lo propio, hizo Gonz\u00e1lez \u201cEl gobierno y sus serviles de ADN en la Asamblea solo logran unirse para una cosa\u2026 4t4c4rm3. Inventan cualquier pretexto para desviar la atenci\u00f3n y proteger a los verdaderos responsables del desastre nacional\u2026 Tengo las manos limpias, por eso no temo\u201d, dijo en su cuenta de X.<\/p>\n<p>El l\u00edder de la RC5 tambi\u00e9n se pronunci\u00f3 respaldando a Gonz\u00e1lez, \u201cO te callas con el Caso Porsche o con nuestra mayor\u00eda en la Asamblea te j0d3m0s y luego con nuestro fiscal de bolsillo de encarcelamos\u201d, escribi\u00f3 el expresidente en su cuenta de X.<\/p>\n<p>Mientras tanto, la jefe encargada del bloque de ADN, Mishel Mancheno, rechaz\u00f3 las acusaciones del corre\u00edsmo y las calific\u00f3 como calumnias que ser\u00e1n denunciadas en lo administrativo y judicial.<\/p>\n<p class=\"selectable-text copyable-text x15bjb6t x1n2onr6\"><span class=\"x19la9d6 x1fc57z9 x6ikm8r x10wlt62 x19co3pv x11tp94h xfibh0p xiy17q3 x1xsqp64 x1lkfr7t xexx8yu xyri2b x18d9i69 x1c1uobl\"><span class=\"xrtxmta x1bhl96m\">\ud83c\udf10<\/span><\/span><span class=\"x19la9d6 x1fc57z9 x6ikm8r x10wlt62 x19co3pv x11tp94h xfibh0p xiy17q3 x1xsqp64 x1lkfr7t xexx8yu xyri2b x18d9i69 x1c1uobl\"><span class=\"xrtxmta x1bhl96m\">\u2705<\/span><\/span><span class=\"selectable-text copyable-text xkrh14z\"> S\u00edguenos en nuestra p\u00e1gina verificada: <\/span><span class=\"selectable-text copyable-text xkrh14z\">https:\/\/www.facebook.com\/lodelmomentolojaEC<\/span><\/p>\n<p class=\"selectable-text copyable-text x15bjb6t x1n2onr6\"><span class=\"selectable-text copyable-text xkrh14z\">www.lodelmomentoloja.com<\/span><\/p>\n<p class=\"selectable-text copyable-text x15bjb6t x1n2onr6\"><span class=\"selectable-text copyable-text xkrh14z\">#LDMnoticias #lodelmomentolojaLDM<\/span><\/p>\n","protected":false},"excerpt":{"rendered":"<p>\ud83d\udcb8\ud83e\udd11\ud83d\udc49\ud83c\udffb \u00a1En el ojo del hurac\u00e1n! La asamble\u00edsta del oficialismo, Ana Bel\u00e9n Tapia denunci\u00f3 este&#8230;<\/p>\n","protected":false},"author":1,"featured_media":0,"comment_status":"open","ping_status":"open","sticky":false,"template":"","format":"standard","meta":{"footnotes":""},"categories":[7,1,5],"tags":[],"class_list":["post-29249","post","type-post","status-publish","format-standard","hentry","category-ecuador","category-inicio","category-loja"],"_links":{"self":[{"href":"https:\/\/www.lodelmomentoloja.com\/index.php?rest_route=\/wp\/v2\/posts\/29249"}],"collection":[{"href":"https:\/\/www.lodelmomentoloja.com\/index.php?rest_route=\/wp\/v2\/posts"}],"about":[{"href":"https:\/\/www.lodelmomentoloja.com\/index.php?rest_route=\/wp\/v2\/types\/post"}],"author":[{"embeddable":true,"href":"https:\/\/www.lodelmomentoloja.com\/index.php?rest_route=\/wp\/v2\/users\/1"}],"replies":[{"embeddable":true,"href":"https:\/\/www.lodelmomentoloja.com\/index.php?rest_route=%2Fwp%2Fv2%2Fcomments&post=29249"}],"version-history":[{"count":1,"href":"https:\/\/www.lodelmomentoloja.com\/index.php?rest_route=\/wp\/v2\/posts\/29249\/revisions"}],"predecessor-version":[{"id":29252,"href":"https:\/\/www.lodelmomentoloja.com\/index.php?rest_route=\/wp\/v2\/posts\/29249\/revisions\/29252"}],"wp:attachment":[{"href":"https:\/\/www.lodelmomentoloja.com\/index.php?rest_route=%2Fwp%2Fv2%2Fmedia&parent=29249"}],"wp:term":[{"taxonomy":"category","embeddable":true,"href":"https:\/\/www.lodelmomentoloja.com\/index.php?rest_route=%2Fwp%2Fv2%2Fcategories&post=29249"},{"taxonomy":"post_tag","embeddable":true,"href":"https:\/\/www.lodelmomentoloja.com\/index.php?rest_route=%2Fwp%2Fv2%2Ftags&post=29249"}],"curies":[{"name":"wp","href":"https:\/\/api.w.org\/{rel}","templated":true}]}}