{"id":29244,"date":"2025-12-11T11:30:26","date_gmt":"2025-12-11T11:30:26","guid":{"rendered":"https:\/\/www.lodelmomentoloja.com\/?p=29244"},"modified":"2025-12-11T16:34:12","modified_gmt":"2025-12-11T16:34:12","slug":"luque-se-deslinda-de-contratos-electricos-que-dejo-perdidas-por-mas-de-usd-100-millones","status":"publish","type":"post","link":"https:\/\/www.lodelmomentoloja.com\/?p=29244","title":{"rendered":"Luque se deslinda de contratos el\u00e9ctricos que dej\u00f3 p\u00e9rdidas por m\u00e1s de USD 100 millones"},"content":{"rendered":"<p class=\"selectable-text copyable-text x15bjb6t x1n2onr6\"><span class=\"x19la9d6 x1fc57z9 x6ikm8r x10wlt62 x19co3pv x11tp94h xfibh0p xiy17q3 x1xsqp64 x1lkfr7t xexx8yu xyri2b x18d9i69 x1c1uobl\"><span class=\"xrtxmta x1bhl96m\"><img loading=\"lazy\" decoding=\"async\" class=\"wp-image-29246 aligncenter\" src=\"http:\/\/www.lodelmomentoloja.com\/wp-content\/uploads\/2025\/12\/NOTA-VIDEO-1-2-300x169.jpg\" alt=\"\" width=\"1054\" height=\"594\" srcset=\"https:\/\/www.lodelmomentoloja.com\/wp-content\/uploads\/2025\/12\/NOTA-VIDEO-1-2-300x169.jpg 300w, https:\/\/www.lodelmomentoloja.com\/wp-content\/uploads\/2025\/12\/NOTA-VIDEO-1-2-1024x576.jpg 1024w, https:\/\/www.lodelmomentoloja.com\/wp-content\/uploads\/2025\/12\/NOTA-VIDEO-1-2-768x432.jpg 768w, https:\/\/www.lodelmomentoloja.com\/wp-content\/uploads\/2025\/12\/NOTA-VIDEO-1-2-640x360.jpg 640w, https:\/\/www.lodelmomentoloja.com\/wp-content\/uploads\/2025\/12\/NOTA-VIDEO-1-2-1536x864.jpg 1536w, https:\/\/www.lodelmomentoloja.com\/wp-content\/uploads\/2025\/12\/NOTA-VIDEO-1-2.jpg 1920w\" sizes=\"(max-width: 1054px) 100vw, 1054px\" \/><\/p>\n<p>\ud83d\udea8<\/span><\/span><span class=\"x19la9d6 x1fc57z9 x6ikm8r x10wlt62 x19co3pv x11tp94h xfibh0p xiy17q3 x1xsqp64 x1lkfr7t xexx8yu xyri2b x18d9i69 x1c1uobl\"><span class=\"xrtxmta x1bhl96m\">\ud83c\uddea\ud83c\udde8<\/span><\/span><span class=\"x19la9d6 x1fc57z9 x6ikm8r x10wlt62 x19co3pv x11tp94h xfibh0p xiy17q3 x1xsqp64 x1lkfr7t xexx8yu xyri2b x18d9i69 x1c1uobl\"><span class=\"xrtxmta x1bhl96m\">\ud83d\udde3\ufe0f<\/span><\/span><span class=\"selectable-text copyable-text xkrh14z\"> \u00a1Caso Progen! Roberto Luque se deslind\u00f3 de responsabilidades en la firma de los contratos entre CELEC \u2013 EP, Progen y ATM que ascienden a 300 millones de d\u00f3lares, mismos que causaron un perjuicio millonario al Estado por m\u00e1s de USD 100 millones, seg\u00fan la Contralor\u00eda.<\/p>\n<p><\/span><\/p>\n<div style=\"width: 640px;\" class=\"wp-video\"><!--[if lt IE 9]><script>document.createElement('video');<\/script><![endif]-->\n<video class=\"wp-video-shortcode\" id=\"video-29244-1\" width=\"640\" height=\"360\" preload=\"metadata\" controls=\"controls\"><source type=\"video\/mp4\" src=\"http:\/\/www.lodelmomentoloja.com\/wp-content\/uploads\/2025\/12\/LUQUE-Y-LOS-CONTRATOS-CON-PROGEN-Y-ATM-REDUCIDO.mp4?_=1\" \/><a href=\"http:\/\/www.lodelmomentoloja.com\/wp-content\/uploads\/2025\/12\/LUQUE-Y-LOS-CONTRATOS-CON-PROGEN-Y-ATM-REDUCIDO.mp4\">http:\/\/www.lodelmomentoloja.com\/wp-content\/uploads\/2025\/12\/LUQUE-Y-LOS-CONTRATOS-CON-PROGEN-Y-ATM-REDUCIDO.mp4<\/a><\/video><\/div>\n<p>Pese a la evidente evasi\u00f3n del ministro, ha pasado un a\u00f1o desde la adquisici\u00f3n de los motores que deb\u00edan operar en noviembre de 2024 pero, nunca llegaron a funcionar, dejando algunas irregularidades en el camino.<\/p>\n<p>Las declaraciones del ministro han generado malestar por intentar impedir que se lo relacione con la contrataci\u00f3n. Sin embargo, recordemos Luque estuvo al frente de la crisis energ\u00e9tica como encargado del Ministerio de Energ\u00eda desde el 16 de abril hasta el 02 de julio del 2024, tras la salida de Andrea Arrobo. Incluso, el mismo d\u00eda que asumi\u00f3 la cartera de Estado emiti\u00f3 un documento para declarar el estado de emergencia al sector el\u00e9ctrico y expedir disposiciones que permitan la adquisici\u00f3n y generaci\u00f3n adicional de energ\u00eda.<\/p>\n<p>En mayo del mismo a\u00f1o, Luque fue el encargado de visitar la f\u00e1brica de Progen, en Houston junto al exgerente de Celec, Fabi\u00e1n Calero. En el v\u00eddeo publicado en sus redes sociales, dijo que fueron a &#8220;contrastar y cotejar\u201d la oferta de Progen.<\/p>\n<p>Y un mes despu\u00e9s, el 20 de junio, dispuso a Celec para realice las gestiones necesarias para la \u201cadquisici\u00f3n y\/o arrendamiento de la generaci\u00f3n adicional emergente de energ\u00eda el\u00e9ctrica\u2026 para lo cual se efectuar\u00e1n los procesos de contrataci\u00f3n de forma emergente\u201d.<\/p>\n<p>Sin embargo, y pese a las irregularidades encontradas por la Contralor\u00eda, Luque dijo no tener participaci\u00f3n alguna en contrataci\u00f3n, ya que tan solo dio los lineamientos.<\/p>\n<p>Ahora, Progen enfrena cargos por los presuntos d3l1t0ss de 3st4f4 y d3l1ncv3nc14 organizada ante la Fiscal\u00eda y en Estados Unidos tambi\u00e9n, seg\u00fan el Gobierno. No obstante, hasta la fecha poco o nada se conoce sobre las investigaciones que generaron p\u00e9rdidas millonarias al Estado ecuatoriano.<\/p>\n<p class=\"selectable-text copyable-text x15bjb6t x1n2onr6\"><span class=\"x19la9d6 x1fc57z9 x6ikm8r x10wlt62 x19co3pv x11tp94h xfibh0p xiy17q3 x1xsqp64 x1lkfr7t xexx8yu xyri2b x18d9i69 x1c1uobl\"><span class=\"xrtxmta x1bhl96m\">\ud83c\udf10<\/span><\/span><span class=\"x19la9d6 x1fc57z9 x6ikm8r x10wlt62 x19co3pv x11tp94h xfibh0p xiy17q3 x1xsqp64 x1lkfr7t xexx8yu xyri2b x18d9i69 x1c1uobl\"><span class=\"xrtxmta x1bhl96m\">\u2705<\/span><\/span><span class=\"selectable-text copyable-text xkrh14z\"> S\u00edguenos en nuestra p\u00e1gina verificada: <\/span><span class=\"selectable-text copyable-text xkrh14z\">https:\/\/www.facebook.com\/lodelmomentolojaEC<\/span><\/p>\n<p class=\"selectable-text copyable-text x15bjb6t x1n2onr6\"><span class=\"selectable-text copyable-text xkrh14z\">www.lodelmomentoloja.com<\/span><\/p>\n<p class=\"selectable-text copyable-text x15bjb6t x1n2onr6\"><span class=\"selectable-text copyable-text xkrh14z\">#LDMnoticias #lodelmomentolojaLDM<\/span><\/p>\n","protected":false},"excerpt":{"rendered":"<p>\ud83d\udea8\ud83c\uddea\ud83c\udde8\ud83d\udde3\ufe0f \u00a1Caso Progen! Roberto Luque se deslind\u00f3 de responsabilidades en la firma de los contratos&#8230;<\/p>\n","protected":false},"author":1,"featured_media":0,"comment_status":"open","ping_status":"open","sticky":false,"template":"","format":"standard","meta":{"footnotes":""},"categories":[7,1,4],"tags":[],"class_list":["post-29244","post","type-post","status-publish","format-standard","hentry","category-ecuador","category-inicio","category-internacional"],"_links":{"self":[{"href":"https:\/\/www.lodelmomentoloja.com\/index.php?rest_route=\/wp\/v2\/posts\/29244"}],"collection":[{"href":"https:\/\/www.lodelmomentoloja.com\/index.php?rest_route=\/wp\/v2\/posts"}],"about":[{"href":"https:\/\/www.lodelmomentoloja.com\/index.php?rest_route=\/wp\/v2\/types\/post"}],"author":[{"embeddable":true,"href":"https:\/\/www.lodelmomentoloja.com\/index.php?rest_route=\/wp\/v2\/users\/1"}],"replies":[{"embeddable":true,"href":"https:\/\/www.lodelmomentoloja.com\/index.php?rest_route=%2Fwp%2Fv2%2Fcomments&post=29244"}],"version-history":[{"count":1,"href":"https:\/\/www.lodelmomentoloja.com\/index.php?rest_route=\/wp\/v2\/posts\/29244\/revisions"}],"predecessor-version":[{"id":29248,"href":"https:\/\/www.lodelmomentoloja.com\/index.php?rest_route=\/wp\/v2\/posts\/29244\/revisions\/29248"}],"wp:attachment":[{"href":"https:\/\/www.lodelmomentoloja.com\/index.php?rest_route=%2Fwp%2Fv2%2Fmedia&parent=29244"}],"wp:term":[{"taxonomy":"category","embeddable":true,"href":"https:\/\/www.lodelmomentoloja.com\/index.php?rest_route=%2Fwp%2Fv2%2Fcategories&post=29244"},{"taxonomy":"post_tag","embeddable":true,"href":"https:\/\/www.lodelmomentoloja.com\/index.php?rest_route=%2Fwp%2Fv2%2Ftags&post=29244"}],"curies":[{"name":"wp","href":"https:\/\/api.w.org\/{rel}","templated":true}]}}