{"id":29214,"date":"2025-12-09T15:39:26","date_gmt":"2025-12-09T15:39:26","guid":{"rendered":"https:\/\/www.lodelmomentoloja.com\/?p=29214"},"modified":"2025-12-09T20:41:00","modified_gmt":"2025-12-09T20:41:00","slug":"protestas-mineras-paralizan-zamora-chinchipe-mientras-el-gobierno-denuncia-intereses-politicos","status":"publish","type":"post","link":"https:\/\/www.lodelmomentoloja.com\/?p=29214","title":{"rendered":"Protestas mineras paralizan Zamora Chinchipe mientras el Gobierno denuncia intereses pol\u00edticos"},"content":{"rendered":"<hr \/>\n<p class=\"selectable-text copyable-text x15bjb6t x1n2onr6\"><span class=\"x19la9d6 x1fc57z9 x6ikm8r x10wlt62 x19co3pv x11tp94h xfibh0p xiy17q3 x1xsqp64 x1lkfr7t xexx8yu xyri2b x18d9i69 x1c1uobl\"><span class=\"xrtxmta x1bhl96m\"><img loading=\"lazy\" decoding=\"async\" class=\"wp-image-29215 aligncenter\" src=\"http:\/\/www.lodelmomentoloja.com\/wp-content\/uploads\/2025\/12\/NOTICIA-VIDEO-LDM-9-300x169.jpg\" alt=\"\" width=\"1065\" height=\"600\" srcset=\"https:\/\/www.lodelmomentoloja.com\/wp-content\/uploads\/2025\/12\/NOTICIA-VIDEO-LDM-9-300x169.jpg 300w, https:\/\/www.lodelmomentoloja.com\/wp-content\/uploads\/2025\/12\/NOTICIA-VIDEO-LDM-9-1024x576.jpg 1024w, https:\/\/www.lodelmomentoloja.com\/wp-content\/uploads\/2025\/12\/NOTICIA-VIDEO-LDM-9-768x432.jpg 768w, https:\/\/www.lodelmomentoloja.com\/wp-content\/uploads\/2025\/12\/NOTICIA-VIDEO-LDM-9-640x360.jpg 640w, https:\/\/www.lodelmomentoloja.com\/wp-content\/uploads\/2025\/12\/NOTICIA-VIDEO-LDM-9-1536x864.jpg 1536w, https:\/\/www.lodelmomentoloja.com\/wp-content\/uploads\/2025\/12\/NOTICIA-VIDEO-LDM-9.jpg 1920w\" sizes=\"(max-width: 1065px) 100vw, 1065px\" \/><br \/>\n\ud83d\udea8<\/span><\/span><span class=\"x19la9d6 x1fc57z9 x6ikm8r x10wlt62 x19co3pv x11tp94h xfibh0p xiy17q3 x1xsqp64 x1lkfr7t xexx8yu xyri2b x18d9i69 x1c1uobl\"><span class=\"xrtxmta x1bhl96m\">\u2692\ufe0f<\/span><\/span><span class=\"x19la9d6 x1fc57z9 x6ikm8r x10wlt62 x19co3pv x11tp94h xfibh0p xiy17q3 x1xsqp64 x1lkfr7t xexx8yu xyri2b x18d9i69 x1c1uobl\"><span class=\"xrtxmta x1bhl96m\">\ud83d\udde3\ufe0f<\/span><\/span><span class=\"selectable-text copyable-text xkrh14z\"> \u00a1Protestas en Zamora! Mineros artesanales cerraron la v\u00eda principal en Centinela del C\u00f3ndor para rechazar las operaciones mineras, la destrucci\u00f3n de maquinaria y pedir regularizaci\u00f3n para trabajar, mientras que el Gobierno dijo que no ceder\u00e1 a presiones de actos pol\u00edticos \u201cque buscan generar caos en Zamora Chinchipe para defender intereses personales vinculados a la miner\u00eda 1l3g4l\u201d.<br \/>\n<\/span><\/p>\n<div style=\"width: 640px;\" class=\"wp-video\"><!--[if lt IE 9]><script>document.createElement('video');<\/script><![endif]-->\n<video class=\"wp-video-shortcode\" id=\"video-29214-1\" width=\"640\" height=\"360\" preload=\"metadata\" controls=\"controls\"><source type=\"video\/mp4\" src=\"http:\/\/www.lodelmomentoloja.com\/wp-content\/uploads\/2025\/12\/PROTESTAS-MINERAS-EN-ZAMORA-REDUCIDO.mp4?_=1\" \/><a href=\"http:\/\/www.lodelmomentoloja.com\/wp-content\/uploads\/2025\/12\/PROTESTAS-MINERAS-EN-ZAMORA-REDUCIDO.mp4\">http:\/\/www.lodelmomentoloja.com\/wp-content\/uploads\/2025\/12\/PROTESTAS-MINERAS-EN-ZAMORA-REDUCIDO.mp4<\/a><\/video><\/div>\n<p class=\"selectable-text copyable-text x15bjb6t x1n2onr6\"><span class=\"selectable-text copyable-text xkrh14z\">\u00a0<\/span><\/p>\n<p>Mineros artesanales cerraron la v\u00eda principal en Centinela del C\u00f3ndor para rechazar las operaciones mineras, la destrucci\u00f3n de maquinaria y pedir regularizaci\u00f3n para trabajar. Adem\u00e1s de la suspensi\u00f3n de operativos a los que consideran p3rs3cvci\u00f3n.<\/p>\n<p>El cierre inici\u00f3 el domingo 7 de diciembre y continu\u00f3 el lunes a altura de Zumbi, en la Troncal Amaz\u00f3nica con mont\u00edculos de tierra, piedras y quema de llantas. La v\u00eda conecta a este cant\u00f3n con al menos otros cinco de la provincia, por lo que el bloqueo afect\u00f3 la movilidad y el abastecimiento de recursos.<\/p>\n<p>Peticiones que llegaron a o\u00eddos de la Presidencia que, a trav\u00e9s del Ministerio de Gobierno, se pronunci\u00f3 el 08 de diciembre. En un comunicado dijo que no ceder\u00e1 a presiones de actos pol\u00edticos \u201cque buscan generar caos en Zamora Chinchipe para defender intereses personales vinculados a la miner\u00eda 1l3g4l\u201d. La cartera de Estado agreg\u00f3 que est\u00e1n abiertos a avanzar en la regularizaci\u00f3n de miner\u00eda artesanal, ordenamiento de actividades, apertura progresiva del catastro y realizaci\u00f3n de un censo minero y rechaz\u00f3 intentos de \u201cmanipulaci\u00f3n pol\u00edtica que pretenden desestabilizar la provincia\u201d.<\/p>\n<p>Pero no es todo, la construcci\u00f3n de una universidad en dicha provincia fue la causa que desat\u00f3 otro enfrentamiento verbal entre la asamble\u00edsta por Zamora Chinchipe, Esperanza Rogel y el rector de la Universidad Estatal Amaz\u00f3nica, David Sancho, quienes adujeron presuntos intereses pol\u00edticos en la creaci\u00f3n de la instituci\u00f3n.<\/p>\n<p>Pese a los enfrentamientos, el d\u00eda lunes la fuerza p\u00fablica habilit\u00f3 la v\u00eda en Centinela del C\u00f3ndor, pero a mediod\u00eda se produjeron enfrentamientos entre mineros, polic\u00edas y militares, incluso una persona fue detenida y podr\u00eda enfrentar acciones legales por la obstrucci\u00f3n de la v\u00eda p\u00fablica.<\/p>\n<p class=\"selectable-text copyable-text x15bjb6t x1n2onr6\"><span class=\"x19la9d6 x1fc57z9 x6ikm8r x10wlt62 x19co3pv x11tp94h xfibh0p xiy17q3 x1xsqp64 x1lkfr7t xexx8yu xyri2b x18d9i69 x1c1uobl\"><span class=\"xrtxmta x1bhl96m\">\ud83c\udf10<\/span><\/span><span class=\"x19la9d6 x1fc57z9 x6ikm8r x10wlt62 x19co3pv x11tp94h xfibh0p xiy17q3 x1xsqp64 x1lkfr7t xexx8yu xyri2b x18d9i69 x1c1uobl\"><span class=\"xrtxmta x1bhl96m\">\u2705<\/span><\/span><span class=\"selectable-text copyable-text xkrh14z\"> S\u00edguenos en nuestra p\u00e1gina verificada: <\/span><span class=\"selectable-text copyable-text xkrh14z\">https:\/\/www.facebook.com\/lodelmomentolojaEC<\/span><\/p>\n<p class=\"selectable-text copyable-text x15bjb6t x1n2onr6\"><span class=\"selectable-text copyable-text xkrh14z\">www.lodelmomentoloja.com<\/span><\/p>\n<p class=\"selectable-text copyable-text x15bjb6t x1n2onr6\"><span class=\"selectable-text copyable-text xkrh14z\">#LDMnoticias #lodelmomentolojaLDM<\/span><\/p>\n","protected":false},"excerpt":{"rendered":"<p>\ud83d\udea8\u2692\ufe0f\ud83d\udde3\ufe0f \u00a1Protestas en Zamora! Mineros artesanales cerraron la v\u00eda principal en Centinela del C\u00f3ndor para&#8230;<\/p>\n","protected":false},"author":1,"featured_media":0,"comment_status":"open","ping_status":"open","sticky":false,"template":"","format":"standard","meta":{"footnotes":""},"categories":[7,1,5,6],"tags":[],"class_list":["post-29214","post","type-post","status-publish","format-standard","hentry","category-ecuador","category-inicio","category-loja","category-zamora"],"_links":{"self":[{"href":"https:\/\/www.lodelmomentoloja.com\/index.php?rest_route=\/wp\/v2\/posts\/29214"}],"collection":[{"href":"https:\/\/www.lodelmomentoloja.com\/index.php?rest_route=\/wp\/v2\/posts"}],"about":[{"href":"https:\/\/www.lodelmomentoloja.com\/index.php?rest_route=\/wp\/v2\/types\/post"}],"author":[{"embeddable":true,"href":"https:\/\/www.lodelmomentoloja.com\/index.php?rest_route=\/wp\/v2\/users\/1"}],"replies":[{"embeddable":true,"href":"https:\/\/www.lodelmomentoloja.com\/index.php?rest_route=%2Fwp%2Fv2%2Fcomments&post=29214"}],"version-history":[{"count":1,"href":"https:\/\/www.lodelmomentoloja.com\/index.php?rest_route=\/wp\/v2\/posts\/29214\/revisions"}],"predecessor-version":[{"id":29217,"href":"https:\/\/www.lodelmomentoloja.com\/index.php?rest_route=\/wp\/v2\/posts\/29214\/revisions\/29217"}],"wp:attachment":[{"href":"https:\/\/www.lodelmomentoloja.com\/index.php?rest_route=%2Fwp%2Fv2%2Fmedia&parent=29214"}],"wp:term":[{"taxonomy":"category","embeddable":true,"href":"https:\/\/www.lodelmomentoloja.com\/index.php?rest_route=%2Fwp%2Fv2%2Fcategories&post=29214"},{"taxonomy":"post_tag","embeddable":true,"href":"https:\/\/www.lodelmomentoloja.com\/index.php?rest_route=%2Fwp%2Fv2%2Ftags&post=29214"}],"curies":[{"name":"wp","href":"https:\/\/api.w.org\/{rel}","templated":true}]}}