{"id":29197,"date":"2025-12-08T16:53:49","date_gmt":"2025-12-08T16:53:49","guid":{"rendered":"https:\/\/www.lodelmomentoloja.com\/?p=29197"},"modified":"2025-12-08T21:55:06","modified_gmt":"2025-12-08T21:55:06","slug":"59-planteles-educativos-rinden-homenaje-a-loja-en-sus-477-anos-de-fundacion","status":"publish","type":"post","link":"https:\/\/www.lodelmomentoloja.com\/?p=29197","title":{"rendered":"59 planteles educativos rinden homenaje a Loja en sus 477 a\u00f1os de fundaci\u00f3n"},"content":{"rendered":"<p class=\"selectable-text copyable-text x15bjb6t x1n2onr6\"><span class=\"x19la9d6 x1fc57z9 x6ikm8r x10wlt62 x19co3pv x11tp94h xfibh0p xiy17q3 x1xsqp64 x1lkfr7t xexx8yu xyri2b x18d9i69 x1c1uobl\"><span class=\"xrtxmta x1bhl96m\"><img loading=\"lazy\" decoding=\"async\" class=\"wp-image-29198 aligncenter\" src=\"http:\/\/www.lodelmomentoloja.com\/wp-content\/uploads\/2025\/12\/NOTA-VIDEO-3-VIVIV-300x169.jpg\" alt=\"\" width=\"1079\" height=\"608\" srcset=\"https:\/\/www.lodelmomentoloja.com\/wp-content\/uploads\/2025\/12\/NOTA-VIDEO-3-VIVIV-300x169.jpg 300w, https:\/\/www.lodelmomentoloja.com\/wp-content\/uploads\/2025\/12\/NOTA-VIDEO-3-VIVIV-1024x576.jpg 1024w, https:\/\/www.lodelmomentoloja.com\/wp-content\/uploads\/2025\/12\/NOTA-VIDEO-3-VIVIV-768x432.jpg 768w, https:\/\/www.lodelmomentoloja.com\/wp-content\/uploads\/2025\/12\/NOTA-VIDEO-3-VIVIV-640x360.jpg 640w, https:\/\/www.lodelmomentoloja.com\/wp-content\/uploads\/2025\/12\/NOTA-VIDEO-3-VIVIV-1536x864.jpg 1536w, https:\/\/www.lodelmomentoloja.com\/wp-content\/uploads\/2025\/12\/NOTA-VIDEO-3-VIVIV.jpg 1920w\" sizes=\"(max-width: 1079px) 100vw, 1079px\" \/><\/p>\n<p>\ud83e\udee1<\/span><\/span><span class=\"x19la9d6 x1fc57z9 x6ikm8r x10wlt62 x19co3pv x11tp94h xfibh0p xiy17q3 x1xsqp64 x1lkfr7t xexx8yu xyri2b x18d9i69 x1c1uobl\"><span class=\"xrtxmta x1bhl96m\">\ud83c\udf89<\/span><\/span><span class=\"x19la9d6 x1fc57z9 x6ikm8r x10wlt62 x19co3pv x11tp94h xfibh0p xiy17q3 x1xsqp64 x1lkfr7t xexx8yu xyri2b x18d9i69 x1c1uobl\"><span class=\"xrtxmta x1bhl96m\">\ud83d\udc49\ud83c\udffb<\/span><\/span><span class=\"selectable-text copyable-text xkrh14z\"> \u00a1Loor a Loja! Con orgullo y entusiasmo miles de estudiantes, docentes y familias lojanos participaron este lunes en el desfile c\u00edvico estudiantil por los 477 a\u00f1os de fundaci\u00f3n de Loja, un acto c\u00edvico en el que participaron 59 establecimientos educativos.<\/p>\n<p><\/span><\/p>\n<div style=\"width: 640px;\" class=\"wp-video\"><!--[if lt IE 9]><script>document.createElement('video');<\/script><![endif]-->\n<video class=\"wp-video-shortcode\" id=\"video-29197-1\" width=\"640\" height=\"360\" preload=\"metadata\" controls=\"controls\"><source type=\"video\/mp4\" src=\"http:\/\/www.lodelmomentoloja.com\/wp-content\/uploads\/2025\/12\/DESFILE-ESTUDIANTIL-FUNDACI_N-DE-LOJA-REDUCIDO.mp4?_=1\" \/><a href=\"http:\/\/www.lodelmomentoloja.com\/wp-content\/uploads\/2025\/12\/DESFILE-ESTUDIANTIL-FUNDACI_N-DE-LOJA-REDUCIDO.mp4\">http:\/\/www.lodelmomentoloja.com\/wp-content\/uploads\/2025\/12\/DESFILE-ESTUDIANTIL-FUNDACI_N-DE-LOJA-REDUCIDO.mp4<\/a><\/video><\/div>\n<p class=\"selectable-text copyable-text x15bjb6t x1n2onr6\"><span class=\"selectable-text copyable-text xkrh14z\">\u00a0<\/span><\/p>\n<p>Desde tempranas horas, instituciones educativas p\u00fablicas, fiscomisionales y particulares se concentraron en la plaza El Valle, donde inici\u00f3 el recorrido. Las bandas de guerra marcaron el ritmo del desfile, acompa\u00f1adas por bastoneras, grupo de cachiporreros, estudiantes y delegaciones que recorrieron la Av. Salvador Bustamante Celi hasta llegar al complejo ferial Sim\u00f3n Bol\u00edvar.<\/p>\n<p>En el desfile participaron un total de 59 establecimientos educativos que con gallard\u00eda y civismo rindieron homenaje a Loja; mientras que, cientos de familias se conglomeraron a los alrededores para disfrutar del espect\u00e1culo.<\/p>\n<p>Antes del desfile, instituciones p\u00fablicas y privadas locales acudieron a la plaza San Francisco para la colocaci\u00f3n de ofrendas al pie del monumento Alonso de Mercadillo. Una fecha llena de civismo y actos simb\u00f3licos que conmemoran 477 a\u00f1os de historia.<\/p>\n<p class=\"selectable-text copyable-text x15bjb6t x1n2onr6\"><span class=\"x19la9d6 x1fc57z9 x6ikm8r x10wlt62 x19co3pv x11tp94h xfibh0p xiy17q3 x1xsqp64 x1lkfr7t xexx8yu xyri2b x18d9i69 x1c1uobl\"><span class=\"xrtxmta x1bhl96m\">\ud83c\udf10<\/span><\/span><span class=\"x19la9d6 x1fc57z9 x6ikm8r x10wlt62 x19co3pv x11tp94h xfibh0p xiy17q3 x1xsqp64 x1lkfr7t xexx8yu xyri2b x18d9i69 x1c1uobl\"><span class=\"xrtxmta x1bhl96m\">\u2705<\/span><\/span><span class=\"selectable-text copyable-text xkrh14z\"> S\u00edguenos en nuestra p\u00e1gina verificada: <\/span><span class=\"selectable-text copyable-text xkrh14z\">https:\/\/www.facebook.com\/lodelmomentolojaEC<\/span><\/p>\n<p class=\"selectable-text copyable-text x15bjb6t x1n2onr6\"><span class=\"selectable-text copyable-text xkrh14z\">www.lodelmomentoloja.com<\/span><\/p>\n<p class=\"selectable-text copyable-text x15bjb6t x1n2onr6\"><span class=\"selectable-text copyable-text xkrh14z\">#LDMnoticias #lodelmomentolojaLDM<\/span><\/p>\n","protected":false},"excerpt":{"rendered":"<p>\ud83e\udee1\ud83c\udf89\ud83d\udc49\ud83c\udffb \u00a1Loor a Loja! Con orgullo y entusiasmo miles de estudiantes, docentes y familias lojanos&#8230;<\/p>\n","protected":false},"author":1,"featured_media":0,"comment_status":"open","ping_status":"open","sticky":false,"template":"","format":"standard","meta":{"footnotes":""},"categories":[7,1,5],"tags":[],"class_list":["post-29197","post","type-post","status-publish","format-standard","hentry","category-ecuador","category-inicio","category-loja"],"_links":{"self":[{"href":"https:\/\/www.lodelmomentoloja.com\/index.php?rest_route=\/wp\/v2\/posts\/29197"}],"collection":[{"href":"https:\/\/www.lodelmomentoloja.com\/index.php?rest_route=\/wp\/v2\/posts"}],"about":[{"href":"https:\/\/www.lodelmomentoloja.com\/index.php?rest_route=\/wp\/v2\/types\/post"}],"author":[{"embeddable":true,"href":"https:\/\/www.lodelmomentoloja.com\/index.php?rest_route=\/wp\/v2\/users\/1"}],"replies":[{"embeddable":true,"href":"https:\/\/www.lodelmomentoloja.com\/index.php?rest_route=%2Fwp%2Fv2%2Fcomments&post=29197"}],"version-history":[{"count":1,"href":"https:\/\/www.lodelmomentoloja.com\/index.php?rest_route=\/wp\/v2\/posts\/29197\/revisions"}],"predecessor-version":[{"id":29200,"href":"https:\/\/www.lodelmomentoloja.com\/index.php?rest_route=\/wp\/v2\/posts\/29197\/revisions\/29200"}],"wp:attachment":[{"href":"https:\/\/www.lodelmomentoloja.com\/index.php?rest_route=%2Fwp%2Fv2%2Fmedia&parent=29197"}],"wp:term":[{"taxonomy":"category","embeddable":true,"href":"https:\/\/www.lodelmomentoloja.com\/index.php?rest_route=%2Fwp%2Fv2%2Fcategories&post=29197"},{"taxonomy":"post_tag","embeddable":true,"href":"https:\/\/www.lodelmomentoloja.com\/index.php?rest_route=%2Fwp%2Fv2%2Ftags&post=29197"}],"curies":[{"name":"wp","href":"https:\/\/api.w.org\/{rel}","templated":true}]}}