{"id":29186,"date":"2025-12-08T09:38:37","date_gmt":"2025-12-08T09:38:37","guid":{"rendered":"https:\/\/www.lodelmomentoloja.com\/?p=29186"},"modified":"2025-12-08T16:40:18","modified_gmt":"2025-12-08T16:40:18","slug":"autoridades-investigan-la-presunta-mv3rt3-v10l3nt4-de-un-ciudadano-en-san-pedro-de-vilcabamba","status":"publish","type":"post","link":"https:\/\/www.lodelmomentoloja.com\/?p=29186","title":{"rendered":"Autoridades investigan la presunta mv3rt3 v10l3nt4 de un ciudadano en San Pedro de Vilcabamba."},"content":{"rendered":"<p>\ud83d\ude31\ud83d\udea8\ud83d\ude94\u00a1Tr\u00e1gico suceso! La Fiscal\u00eda Provincial de Loja y la Polic\u00eda Nacional investigan la presunta mv3rte v10l3nta de un ciudadano venezolano de 33 a\u00f1os, identificado como Jos\u00e9 D. G., su cuerpo fue encontrado entre los matorrales en un barrio de la parroquia San Pedro de Vilcabamba, luego de que moradores percibieran un fuerte olor. Al revisar el c4d\u00e1v3r, se observ\u00f3 una marca a la altura del cuello que podr\u00eda indicar estr4ngvl4ci\u00f3n o ah0rc4m13nto, aunque tambi\u00e9n se analiza la posibilidad de sv1cid1o. El cuerpo fue trasladado a la morgue del Servicio Nacional de Medicina Legal para la autopsia, y hasta el cierre de la nota no se contaba con el informe m\u00e9dico-legal oficial.<\/p>\n<p>\ud83c\udf10\u2705 S\u00edguenos en nuestra p\u00e1gina verificada: https:\/\/www.facebook.com\/lodelmomentolojaEC<\/p>\n<p>www.lodelmomentoloja.com<br \/>\n<a class=\"x1i10hfl xjbqb8w x1ejq31n x18oe1m7 x1sy0etr xstzfhl x972fbf x10w94by x1qhh985 x14e42zd x9f619 x1ypdohk xt0psk2 x3ct3a4 xdj266r x14z9mp xat24cr x1lziwak xexx8yu xyri2b x18d9i69 x1c1uobl x16tdsg8 x1hl2dhg xggy1nq x1a2a7pz  _aa9_ _a6hd\" tabindex=\"0\" role=\"link\" href=\"https:\/\/www.instagram.com\/explore\/tags\/ldmnoticias\/\">#LDMnoticias<\/a> <a class=\"x1i10hfl xjbqb8w x1ejq31n x18oe1m7 x1sy0etr xstzfhl x972fbf x10w94by x1qhh985 x14e42zd x9f619 x1ypdohk xt0psk2 x3ct3a4 xdj266r x14z9mp xat24cr x1lziwak xexx8yu xyri2b x18d9i69 x1c1uobl x16tdsg8 x1hl2dhg xggy1nq x1a2a7pz  _aa9_ _a6hd\" tabindex=\"0\" role=\"link\" href=\"https:\/\/www.instagram.com\/explore\/tags\/lodelmomentolojaldm\/\">#lodelmomentolojaLDM<\/a><\/p>\n","protected":false},"excerpt":{"rendered":"<p>\ud83d\ude31\ud83d\udea8\ud83d\ude94\u00a1Tr\u00e1gico suceso! La Fiscal\u00eda Provincial de Loja y la Polic\u00eda Nacional investigan la presunta mv3rte&#8230;<\/p>\n","protected":false},"author":1,"featured_media":29187,"comment_status":"open","ping_status":"open","sticky":false,"template":"","format":"standard","meta":{"footnotes":""},"categories":[7,1,5],"tags":[],"class_list":["post-29186","post","type-post","status-publish","format-standard","has-post-thumbnail","hentry","category-ecuador","category-inicio","category-loja"],"_links":{"self":[{"href":"https:\/\/www.lodelmomentoloja.com\/index.php?rest_route=\/wp\/v2\/posts\/29186"}],"collection":[{"href":"https:\/\/www.lodelmomentoloja.com\/index.php?rest_route=\/wp\/v2\/posts"}],"about":[{"href":"https:\/\/www.lodelmomentoloja.com\/index.php?rest_route=\/wp\/v2\/types\/post"}],"author":[{"embeddable":true,"href":"https:\/\/www.lodelmomentoloja.com\/index.php?rest_route=\/wp\/v2\/users\/1"}],"replies":[{"embeddable":true,"href":"https:\/\/www.lodelmomentoloja.com\/index.php?rest_route=%2Fwp%2Fv2%2Fcomments&post=29186"}],"version-history":[{"count":1,"href":"https:\/\/www.lodelmomentoloja.com\/index.php?rest_route=\/wp\/v2\/posts\/29186\/revisions"}],"predecessor-version":[{"id":29188,"href":"https:\/\/www.lodelmomentoloja.com\/index.php?rest_route=\/wp\/v2\/posts\/29186\/revisions\/29188"}],"wp:featuredmedia":[{"embeddable":true,"href":"https:\/\/www.lodelmomentoloja.com\/index.php?rest_route=\/wp\/v2\/media\/29187"}],"wp:attachment":[{"href":"https:\/\/www.lodelmomentoloja.com\/index.php?rest_route=%2Fwp%2Fv2%2Fmedia&parent=29186"}],"wp:term":[{"taxonomy":"category","embeddable":true,"href":"https:\/\/www.lodelmomentoloja.com\/index.php?rest_route=%2Fwp%2Fv2%2Fcategories&post=29186"},{"taxonomy":"post_tag","embeddable":true,"href":"https:\/\/www.lodelmomentoloja.com\/index.php?rest_route=%2Fwp%2Fv2%2Ftags&post=29186"}],"curies":[{"name":"wp","href":"https:\/\/api.w.org\/{rel}","templated":true}]}}