{"id":29183,"date":"2025-12-08T08:36:35","date_gmt":"2025-12-08T08:36:35","guid":{"rendered":"https:\/\/www.lodelmomentoloja.com\/?p=29183"},"modified":"2025-12-08T16:38:17","modified_gmt":"2025-12-08T16:38:17","slug":"loja-celebra-477-anos-de-fundacion","status":"publish","type":"post","link":"https:\/\/www.lodelmomentoloja.com\/?p=29183","title":{"rendered":"Loja celebra 477 a\u00f1os de Fundaci\u00f3n"},"content":{"rendered":"<p>\ud83d\udcaa\ud83c\udffb\ud83c\udfa0\ud83e\udee1 \u00a1477 de independencia! Un 08 de diciembre de 1548 en el Valle de Cuxibamba, liderado por capit\u00e1n Alonso de Mercadillo, para aquellas \u00e9pocas, Mercadillo le dio el nombre de &#8220;La Inmaculada Concepci\u00f3n de Loja&#8221;, un hito importante de la historia de Loja y aporte para el Sur del Ecuador.<\/p>\n<p>Seg\u00fan los libros de historia, Loja fue fundada en dos ocasiones, la primera en 1546 en el Valle de Garrochamba bajo la orden de Gonzalo Pizarro con el nombre de La Zarza; la segunda, y la m\u00e1s conocida en la actualidad por Mercadillo enviado por Pedro de la Gasca, tal como lo mencionado en el p\u00e1rrafo anterior.<\/p>\n<p>Loja ha sido un ejemplo en varios \u00e1mbitos desde sus inicios hasta la presente, en progreso como haber sido la primera ciudad del Ecuador en tener energ\u00eda el\u00e9ctrica, en lo cultural e hist\u00f3rico con hombres ilustres como: Miguel Riofr\u00edo, Benjam\u00edn Carri\u00f3n, P\u00edo Jaramillo, Pablo Palacios, \u00c1ngel Felic\u00edsimo Rojas, Salvador Bustamante Celi, Isidro Ayora, entre otros.<\/p>\n<p>\ud83c\udf10\u2705 S\u00edguenos en nuestra p\u00e1gina verificada: https:\/\/www.facebook.com\/lodelmomentolojaEC<\/p>\n<p>www.lodelmomentoloja.com<br \/>\n<a class=\"x1i10hfl xjbqb8w x1ejq31n x18oe1m7 x1sy0etr xstzfhl x972fbf x10w94by x1qhh985 x14e42zd x9f619 x1ypdohk xt0psk2 x3ct3a4 xdj266r x14z9mp xat24cr x1lziwak xexx8yu xyri2b x18d9i69 x1c1uobl x16tdsg8 x1hl2dhg xggy1nq x1a2a7pz  _aa9_ _a6hd\" tabindex=\"0\" role=\"link\" href=\"https:\/\/www.instagram.com\/explore\/tags\/ldmnoticias\/\">#LDMnoticias<\/a> <a class=\"x1i10hfl xjbqb8w x1ejq31n x18oe1m7 x1sy0etr xstzfhl x972fbf x10w94by x1qhh985 x14e42zd x9f619 x1ypdohk xt0psk2 x3ct3a4 xdj266r x14z9mp xat24cr x1lziwak xexx8yu xyri2b x18d9i69 x1c1uobl x16tdsg8 x1hl2dhg xggy1nq x1a2a7pz  _aa9_ _a6hd\" tabindex=\"0\" role=\"link\" href=\"https:\/\/www.instagram.com\/explore\/tags\/lodelmomentolojaldm\/\">#lodelmomentolojaLDM<\/a><\/p>\n","protected":false},"excerpt":{"rendered":"<p>\ud83d\udcaa\ud83c\udffb\ud83c\udfa0\ud83e\udee1 \u00a1477 de independencia! Un 08 de diciembre de 1548 en el Valle de Cuxibamba,&#8230;<\/p>\n","protected":false},"author":1,"featured_media":29184,"comment_status":"open","ping_status":"open","sticky":false,"template":"","format":"standard","meta":{"footnotes":""},"categories":[7,1,4,5],"tags":[],"class_list":["post-29183","post","type-post","status-publish","format-standard","has-post-thumbnail","hentry","category-ecuador","category-inicio","category-internacional","category-loja"],"_links":{"self":[{"href":"https:\/\/www.lodelmomentoloja.com\/index.php?rest_route=\/wp\/v2\/posts\/29183"}],"collection":[{"href":"https:\/\/www.lodelmomentoloja.com\/index.php?rest_route=\/wp\/v2\/posts"}],"about":[{"href":"https:\/\/www.lodelmomentoloja.com\/index.php?rest_route=\/wp\/v2\/types\/post"}],"author":[{"embeddable":true,"href":"https:\/\/www.lodelmomentoloja.com\/index.php?rest_route=\/wp\/v2\/users\/1"}],"replies":[{"embeddable":true,"href":"https:\/\/www.lodelmomentoloja.com\/index.php?rest_route=%2Fwp%2Fv2%2Fcomments&post=29183"}],"version-history":[{"count":1,"href":"https:\/\/www.lodelmomentoloja.com\/index.php?rest_route=\/wp\/v2\/posts\/29183\/revisions"}],"predecessor-version":[{"id":29185,"href":"https:\/\/www.lodelmomentoloja.com\/index.php?rest_route=\/wp\/v2\/posts\/29183\/revisions\/29185"}],"wp:featuredmedia":[{"embeddable":true,"href":"https:\/\/www.lodelmomentoloja.com\/index.php?rest_route=\/wp\/v2\/media\/29184"}],"wp:attachment":[{"href":"https:\/\/www.lodelmomentoloja.com\/index.php?rest_route=%2Fwp%2Fv2%2Fmedia&parent=29183"}],"wp:term":[{"taxonomy":"category","embeddable":true,"href":"https:\/\/www.lodelmomentoloja.com\/index.php?rest_route=%2Fwp%2Fv2%2Fcategories&post=29183"},{"taxonomy":"post_tag","embeddable":true,"href":"https:\/\/www.lodelmomentoloja.com\/index.php?rest_route=%2Fwp%2Fv2%2Ftags&post=29183"}],"curies":[{"name":"wp","href":"https:\/\/api.w.org\/{rel}","templated":true}]}}