{"id":29175,"date":"2025-12-06T14:07:30","date_gmt":"2025-12-06T14:07:30","guid":{"rendered":"https:\/\/www.lodelmomentoloja.com\/?p=29175"},"modified":"2025-12-06T19:14:08","modified_gmt":"2025-12-06T19:14:08","slug":"loja-cumple-477-anos-de-fundacion-y-lo-celebra-con-actividades-civicas-y-culturales","status":"publish","type":"post","link":"https:\/\/www.lodelmomentoloja.com\/?p=29175","title":{"rendered":"Loja cumple 477 a\u00f1os de Fundaci\u00f3n y lo celebra con actividades c\u00edvicas y culturales"},"content":{"rendered":"<p class=\"selectable-text copyable-text x15bjb6t x1n2onr6\"><span class=\"x19la9d6 x1fc57z9 x6ikm8r x10wlt62 x19co3pv x11tp94h xfibh0p xiy17q3 x1xsqp64 x1lkfr7t xexx8yu xyri2b x18d9i69 x1c1uobl\"><span class=\"xrtxmta x1bhl96m\"><img loading=\"lazy\" decoding=\"async\" class=\"wp-image-29177 aligncenter\" src=\"http:\/\/www.lodelmomentoloja.com\/wp-content\/uploads\/2025\/12\/WhatsApp-Image-2025-12-06-at-1.21.49-PM-1-300x169.jpeg\" alt=\"\" width=\"685\" height=\"386\" srcset=\"https:\/\/www.lodelmomentoloja.com\/wp-content\/uploads\/2025\/12\/WhatsApp-Image-2025-12-06-at-1.21.49-PM-1-300x169.jpeg 300w, https:\/\/www.lodelmomentoloja.com\/wp-content\/uploads\/2025\/12\/WhatsApp-Image-2025-12-06-at-1.21.49-PM-1-1024x576.jpeg 1024w, https:\/\/www.lodelmomentoloja.com\/wp-content\/uploads\/2025\/12\/WhatsApp-Image-2025-12-06-at-1.21.49-PM-1-768x432.jpeg 768w, https:\/\/www.lodelmomentoloja.com\/wp-content\/uploads\/2025\/12\/WhatsApp-Image-2025-12-06-at-1.21.49-PM-1-640x360.jpeg 640w, https:\/\/www.lodelmomentoloja.com\/wp-content\/uploads\/2025\/12\/WhatsApp-Image-2025-12-06-at-1.21.49-PM-1-1536x864.jpeg 1536w, https:\/\/www.lodelmomentoloja.com\/wp-content\/uploads\/2025\/12\/WhatsApp-Image-2025-12-06-at-1.21.49-PM-1.jpeg 1599w\" sizes=\"(max-width: 685px) 100vw, 685px\" \/><\/p>\n<p>\ud83e\udd73<\/span><\/span><span class=\"x19la9d6 x1fc57z9 x6ikm8r x10wlt62 x19co3pv x11tp94h xfibh0p xiy17q3 x1xsqp64 x1lkfr7t xexx8yu xyri2b x18d9i69 x1c1uobl\"><span class=\"xrtxmta x1bhl96m\">\ud83e\udd29<\/span><\/span><span class=\"x19la9d6 x1fc57z9 x6ikm8r x10wlt62 x19co3pv x11tp94h xfibh0p xiy17q3 x1xsqp64 x1lkfr7t xexx8yu xyri2b x18d9i69 x1c1uobl\"><span class=\"xrtxmta x1bhl96m\">\ud83d\udde3\ufe0f<\/span><\/span><span class=\"selectable-text copyable-text xkrh14z\"> \u00a1Viva Loja! Loja conmemora este 8 de diciembre 477 a\u00f1os de fundaci\u00f3n con una amplia programaci\u00f3n que incluye actividades c\u00edvicas y culturales que conmemoran su origen castellano fundado en 1548, destacando el rol hist\u00f3rico de la ciudad como un referente cultural del pa\u00eds.<\/span><\/p>\n<div style=\"width: 640px;\" class=\"wp-video\"><!--[if lt IE 9]><script>document.createElement('video');<\/script><![endif]-->\n<video class=\"wp-video-shortcode\" id=\"video-29175-1\" width=\"640\" height=\"360\" preload=\"metadata\" controls=\"controls\"><source type=\"video\/mp4\" src=\"http:\/\/www.lodelmomentoloja.com\/wp-content\/uploads\/2025\/12\/FUNDACI_N-DE-LOJA-REDUCIDO.mp4?_=1\" \/><a href=\"http:\/\/www.lodelmomentoloja.com\/wp-content\/uploads\/2025\/12\/FUNDACI_N-DE-LOJA-REDUCIDO.mp4\">http:\/\/www.lodelmomentoloja.com\/wp-content\/uploads\/2025\/12\/FUNDACI_N-DE-LOJA-REDUCIDO.mp4<\/a><\/video><\/div>\n<p>En estos 477 a\u00f1os, Loja ha sido testigo de transformaciones profundas: avances en infraestructura, fortalecimiento de su oferta cultural, crecimiento acad\u00e9mico y una ciudadan\u00eda que, pese a las dificultades contin\u00faa prosperando.<\/p>\n<p>Para conmemorar esta fecha, la celebraci\u00f3n inicia el domingo 07 de diciembre a las 14H00; se desarrollar\u00e1 la competencia de carros de madera que partir\u00e1 desde el Parque Infantil y finalizar\u00e1 en el Parque Central.<\/p>\n<p>El 08 de diciembre, la programaci\u00f3n iniciar\u00e1 a las 08H00 con la colocaci\u00f3n de ofrendas al pie del monumento de Alonso de Mercadillo en la Plaza San Francisco. A las 09H00, se llevar\u00e1 a cabo el desfile c\u00edvico escolar, la concentraci\u00f3n ser\u00e1 en la plaza del sector El Valle y recorrer\u00e1 la Av. Salvador Bustamante Celi, desfile en el que participar\u00e1n 57 establecimientos educativos de toda la ciudad.<\/p>\n<p>A las 18H00 se realizar\u00e1 la sesi\u00f3n solemne en el Cabildo donde rendir\u00e1n homenaje a ciudadanos, empresas y entidades como reconocimiento al m\u00e9rito, impacto social, relevancia p\u00fablica y representatividad que han contribuido en el desarrollo de Loja.<\/p>\n<p>En este aniversario, la ciudad reafirma su car\u00e1cter noble, trabajador y humano. Mientras las calles se llenan de color, m\u00fasica y alegr\u00eda, familias enteras salen a celebrar, los adultos mayores recuerdan su historia con nostalgia y los ni\u00f1os construyen nuevas memorias que formar\u00e1n parte del futuro.<\/p>\n<p class=\"selectable-text copyable-text x15bjb6t x1n2onr6\">\n<p class=\"selectable-text copyable-text x15bjb6t x1n2onr6\"><span class=\"x19la9d6 x1fc57z9 x6ikm8r x10wlt62 x19co3pv x11tp94h xfibh0p xiy17q3 x1xsqp64 x1lkfr7t xexx8yu xyri2b x18d9i69 x1c1uobl\"><span class=\"xrtxmta x1bhl96m\">\ud83c\udf10<\/span><\/span><span class=\"x19la9d6 x1fc57z9 x6ikm8r x10wlt62 x19co3pv x11tp94h xfibh0p xiy17q3 x1xsqp64 x1lkfr7t xexx8yu xyri2b x18d9i69 x1c1uobl\"><span class=\"xrtxmta x1bhl96m\">\u2705<\/span><\/span><span class=\"selectable-text copyable-text xkrh14z\"> S\u00edguenos en nuestra p\u00e1gina verificada: <\/span><span class=\"selectable-text copyable-text xkrh14z\">https:\/\/www.facebook.com\/lodelmomentolojaEC<\/span><\/p>\n<p class=\"selectable-text copyable-text x15bjb6t x1n2onr6\"><span class=\"selectable-text copyable-text xkrh14z\">www.lodelmomentoloja.com<\/span><\/p>\n<p class=\"selectable-text copyable-text x15bjb6t x1n2onr6\"><span class=\"selectable-text copyable-text xkrh14z\">#LDMnoticias #lodelmomentolojaLDM<\/span><\/p>\n","protected":false},"excerpt":{"rendered":"<p>\ud83e\udd73\ud83e\udd29\ud83d\udde3\ufe0f \u00a1Viva Loja! Loja conmemora este 8 de diciembre 477 a\u00f1os de fundaci\u00f3n con una&#8230;<\/p>\n","protected":false},"author":1,"featured_media":0,"comment_status":"open","ping_status":"open","sticky":false,"template":"","format":"standard","meta":{"footnotes":""},"categories":[7,1,5],"tags":[],"class_list":["post-29175","post","type-post","status-publish","format-standard","hentry","category-ecuador","category-inicio","category-loja"],"_links":{"self":[{"href":"https:\/\/www.lodelmomentoloja.com\/index.php?rest_route=\/wp\/v2\/posts\/29175"}],"collection":[{"href":"https:\/\/www.lodelmomentoloja.com\/index.php?rest_route=\/wp\/v2\/posts"}],"about":[{"href":"https:\/\/www.lodelmomentoloja.com\/index.php?rest_route=\/wp\/v2\/types\/post"}],"author":[{"embeddable":true,"href":"https:\/\/www.lodelmomentoloja.com\/index.php?rest_route=\/wp\/v2\/users\/1"}],"replies":[{"embeddable":true,"href":"https:\/\/www.lodelmomentoloja.com\/index.php?rest_route=%2Fwp%2Fv2%2Fcomments&post=29175"}],"version-history":[{"count":1,"href":"https:\/\/www.lodelmomentoloja.com\/index.php?rest_route=\/wp\/v2\/posts\/29175\/revisions"}],"predecessor-version":[{"id":29178,"href":"https:\/\/www.lodelmomentoloja.com\/index.php?rest_route=\/wp\/v2\/posts\/29175\/revisions\/29178"}],"wp:attachment":[{"href":"https:\/\/www.lodelmomentoloja.com\/index.php?rest_route=%2Fwp%2Fv2%2Fmedia&parent=29175"}],"wp:term":[{"taxonomy":"category","embeddable":true,"href":"https:\/\/www.lodelmomentoloja.com\/index.php?rest_route=%2Fwp%2Fv2%2Fcategories&post=29175"},{"taxonomy":"post_tag","embeddable":true,"href":"https:\/\/www.lodelmomentoloja.com\/index.php?rest_route=%2Fwp%2Fv2%2Ftags&post=29175"}],"curies":[{"name":"wp","href":"https:\/\/api.w.org\/{rel}","templated":true}]}}