{"id":2900,"date":"2021-03-08T08:00:29","date_gmt":"2021-03-08T08:00:29","guid":{"rendered":"http:\/\/www.lodelmomentoloja.com\/?p=2900"},"modified":"2021-03-08T14:50:59","modified_gmt":"2021-03-08T14:50:59","slug":"dia-de-la-mujer-08-de-marzo","status":"publish","type":"post","link":"https:\/\/www.lodelmomentoloja.com\/?p=2900","title":{"rendered":"D\u00eda de la Mujer (08 de Marzo)"},"content":{"rendered":"<p>#Internacional | D\u00eda Internacional de la mujer.<\/p>\n<p>El 8 de marzo de cada a\u00f1o, se conmemora un d\u00eda importante, cuyo principal objetivo es la lucha por la igualdad de g\u00e9nero, celebrando el d\u00eda internacional de la mujer.<\/p>\n<p>Seg\u00fan la historia, en 1857 decenas de mujeres trabajadoras de la ciudad de Nueva York, iniciaron una huelga debido a las condiciones poco favorables de trabajo que no les permit\u00edan vivir dignamente, una clara revelaci\u00f3n por la lucha de buscar la igualdad de g\u00e9nero. Otro acontecimiento que marcar\u00eda esta lucha, fue 1908, una f\u00e1brica de textil Cotton de Nueva York, cerca de 130 mujeres se declararon en huelga alegando largas jornadas laborales a las que se enfrentaban. \u00bfLo que ped\u00edan? un salario igualitario y mejores condiciones laborales. Se dice que los due\u00f1os de dicha f\u00e1brica ordenaron cerrar las puertas de la empresa para que estas dejaran de protestar y no se unieran a miles m\u00e1s que reclamaban por sus derechos en las calles de la ciudad. Las trabajadoras fallecieron debido a un incendio que se produjo en la f\u00e1brica ese d\u00eda.<\/p>\n<p>Luego de esos acontecimientos realmente tristes, esa fecha se convierte en el d\u00eda Internacional de la Mujer Trabajadora y en 1977 la Asamblea General de la ONU proclam\u00f3 oficialmente la celebraci\u00f3n del 8 de marzo como el d\u00eda Internacional de la Mujer y desde entonces se conmemora cada a\u00f1o en todo el mundo.<\/p>\n<p>www.lodelmomentoloja<br \/>\n#LDMnoticias #lodelmomentolojaLDM<\/p>\n","protected":false},"excerpt":{"rendered":"<p>#Internacional | D\u00eda Internacional de la mujer. El 8 de marzo de cada a\u00f1o, se&#8230;<\/p>\n","protected":false},"author":1,"featured_media":2901,"comment_status":"open","ping_status":"open","sticky":false,"template":"","format":"standard","meta":{"footnotes":""},"categories":[1],"tags":[],"class_list":["post-2900","post","type-post","status-publish","format-standard","has-post-thumbnail","hentry","category-inicio"],"_links":{"self":[{"href":"https:\/\/www.lodelmomentoloja.com\/index.php?rest_route=\/wp\/v2\/posts\/2900"}],"collection":[{"href":"https:\/\/www.lodelmomentoloja.com\/index.php?rest_route=\/wp\/v2\/posts"}],"about":[{"href":"https:\/\/www.lodelmomentoloja.com\/index.php?rest_route=\/wp\/v2\/types\/post"}],"author":[{"embeddable":true,"href":"https:\/\/www.lodelmomentoloja.com\/index.php?rest_route=\/wp\/v2\/users\/1"}],"replies":[{"embeddable":true,"href":"https:\/\/www.lodelmomentoloja.com\/index.php?rest_route=%2Fwp%2Fv2%2Fcomments&post=2900"}],"version-history":[{"count":1,"href":"https:\/\/www.lodelmomentoloja.com\/index.php?rest_route=\/wp\/v2\/posts\/2900\/revisions"}],"predecessor-version":[{"id":2902,"href":"https:\/\/www.lodelmomentoloja.com\/index.php?rest_route=\/wp\/v2\/posts\/2900\/revisions\/2902"}],"wp:featuredmedia":[{"embeddable":true,"href":"https:\/\/www.lodelmomentoloja.com\/index.php?rest_route=\/wp\/v2\/media\/2901"}],"wp:attachment":[{"href":"https:\/\/www.lodelmomentoloja.com\/index.php?rest_route=%2Fwp%2Fv2%2Fmedia&parent=2900"}],"wp:term":[{"taxonomy":"category","embeddable":true,"href":"https:\/\/www.lodelmomentoloja.com\/index.php?rest_route=%2Fwp%2Fv2%2Fcategories&post=2900"},{"taxonomy":"post_tag","embeddable":true,"href":"https:\/\/www.lodelmomentoloja.com\/index.php?rest_route=%2Fwp%2Fv2%2Ftags&post=2900"}],"curies":[{"name":"wp","href":"https:\/\/api.w.org\/{rel}","templated":true}]}}