{"id":2897,"date":"2021-03-05T16:50:34","date_gmt":"2021-03-05T16:50:34","guid":{"rendered":"http:\/\/www.lodelmomentoloja.com\/?p=2897"},"modified":"2021-03-05T21:50:44","modified_gmt":"2021-03-05T21:50:44","slug":"ministro-de-gobierno-renuncia","status":"publish","type":"post","link":"https:\/\/www.lodelmomentoloja.com\/?p=2897","title":{"rendered":"Ministro de Gobierno renuncia"},"content":{"rendered":"<p dir=\"ltr\">#Nacional |\u00a0 Ministro de Gobierno renuncia al cargo.<\/p>\n<p dir=\"ltr\">Por medio de un oficio, Patricio Pazmi\u00f1o, ha presentado al primer mandatario su renuncia irrevocable al cargo como\u00a0 Ministro de Gobierno.<\/p>\n<p dir=\"ltr\">En el documento se lee: &#8220;La funci\u00f3n p\u00fablica implica rendici\u00f3n de cuentas, desde varios sectores injustificadamente se ha cuestionado mi gesti\u00f3n en el Ministerio de Gobierno, estoy convencido de que en un acto de transparencia, la defensa de mi gesti\u00f3n debe realizarse fuera del cargo. Tomo esta decisi\u00f3n como una persona que cree en la democracia&#8230;&#8221;<\/p>\n<p dir=\"ltr\">Pazmi\u00f1o hab\u00eda sido designado como responsable de dicho Ministerio el 24 de noviembre de 2020, luego que Mar\u00eda Paula Romo estuviera en el cargo. Antes de estar al frente de esa Cartera de Estado, el exgeneral de la Polic\u00eda se desempe\u00f1aba como viceministro.<\/p>\n<p dir=\"ltr\">www.lodelmomentoloja.com<br \/>\n#LDMnoticias #lodelmomentolojaLDM<\/p>\n","protected":false},"excerpt":{"rendered":"<p>#Nacional |\u00a0 Ministro de Gobierno renuncia al cargo. Por medio de un oficio, Patricio Pazmi\u00f1o,&#8230;<\/p>\n","protected":false},"author":1,"featured_media":2898,"comment_status":"open","ping_status":"open","sticky":false,"template":"","format":"standard","meta":{"footnotes":""},"categories":[1],"tags":[],"class_list":["post-2897","post","type-post","status-publish","format-standard","has-post-thumbnail","hentry","category-inicio"],"_links":{"self":[{"href":"https:\/\/www.lodelmomentoloja.com\/index.php?rest_route=\/wp\/v2\/posts\/2897"}],"collection":[{"href":"https:\/\/www.lodelmomentoloja.com\/index.php?rest_route=\/wp\/v2\/posts"}],"about":[{"href":"https:\/\/www.lodelmomentoloja.com\/index.php?rest_route=\/wp\/v2\/types\/post"}],"author":[{"embeddable":true,"href":"https:\/\/www.lodelmomentoloja.com\/index.php?rest_route=\/wp\/v2\/users\/1"}],"replies":[{"embeddable":true,"href":"https:\/\/www.lodelmomentoloja.com\/index.php?rest_route=%2Fwp%2Fv2%2Fcomments&post=2897"}],"version-history":[{"count":1,"href":"https:\/\/www.lodelmomentoloja.com\/index.php?rest_route=\/wp\/v2\/posts\/2897\/revisions"}],"predecessor-version":[{"id":2899,"href":"https:\/\/www.lodelmomentoloja.com\/index.php?rest_route=\/wp\/v2\/posts\/2897\/revisions\/2899"}],"wp:featuredmedia":[{"embeddable":true,"href":"https:\/\/www.lodelmomentoloja.com\/index.php?rest_route=\/wp\/v2\/media\/2898"}],"wp:attachment":[{"href":"https:\/\/www.lodelmomentoloja.com\/index.php?rest_route=%2Fwp%2Fv2%2Fmedia&parent=2897"}],"wp:term":[{"taxonomy":"category","embeddable":true,"href":"https:\/\/www.lodelmomentoloja.com\/index.php?rest_route=%2Fwp%2Fv2%2Fcategories&post=2897"},{"taxonomy":"post_tag","embeddable":true,"href":"https:\/\/www.lodelmomentoloja.com\/index.php?rest_route=%2Fwp%2Fv2%2Ftags&post=2897"}],"curies":[{"name":"wp","href":"https:\/\/api.w.org\/{rel}","templated":true}]}}