{"id":2894,"date":"2021-03-05T15:00:03","date_gmt":"2021-03-05T15:00:03","guid":{"rendered":"http:\/\/www.lodelmomentoloja.com\/?p=2894"},"modified":"2021-03-05T20:04:58","modified_gmt":"2021-03-05T20:04:58","slug":"vacunas-contra-covid-19-llegaron-a-catamayo","status":"publish","type":"post","link":"https:\/\/www.lodelmomentoloja.com\/?p=2894","title":{"rendered":"Vacunas contra COVID-19 llegaron a Catamayo"},"content":{"rendered":"<p>#Loja | No quisieron dar nombres de los vacunados.<\/p>\n<p>Tras conocer que las vacunas contra el COVID-19 hab\u00edan llegado a la provincia de Loja, varios usuarios han alertado sobre este acontecimiento, manifestando que podr\u00eda estar personal Administrativo del Distrito 11D02 Catamayo-Olmedo-Chaguarpamba entre los beneficiados. Es por ello, que nuestro compa\u00f1ero Edwin Rojas desde la ciudad de Catamayo, se traslad\u00f3 hasta el Centro de Salud Tipo C en Trapichillo y se pudo observar varias personas en las afueras de la zona de Emergencias.<\/p>\n<p>Con la finalidad de ampliar la informaci\u00f3n y conocer sobre las personas que ser\u00e1n vacunadas contra el coronavirus, le preguntamos a Johanna Semp\u00e9rtegui Encargada del Centro de Salud pero no quiso dar declaraci\u00f3n alguna y tampoco argumentarnos si ser\u00e1n parte de los beneficiados los funcionarios administrativos &#8220;No puedo dar ninguna declaraci\u00f3n, ni me puedo identificar en ninguna nota. Comun\u00edquese con el responsable de comunicaci\u00f3n Fabi\u00e1n Carri\u00f3n&#8221;<\/p>\n<p>Al comunicarnos con Carri\u00f3n, manifest\u00f3: &#8220;La vacunaci\u00f3n esta por fases y est\u00e1n ejecut\u00e1ndose, lo primero es el personal de primera l\u00ednea, luego se dar\u00e1 el personal m\u00e9dico, polic\u00eda, maestros. Al momento, el personal administrativo no est\u00e1 recibiendo la vacuna. No, que yo sepa. Ahora, en alguna forma que en Ecuador se hayan vacunado administrativos ya es otra historia&#8221; en respuestas a nuestro compa\u00f1ero periodista y resaltando que la informaci\u00f3n requerida, solo puede ser difundida por las m\u00e1ximas autoridades.<\/p>\n<p>www.lodelmomentoloja.com<br \/>\n#LDMnoticias #lodelmomentolojaLDM<\/p>\n","protected":false},"excerpt":{"rendered":"<p>#Loja | No quisieron dar nombres de los vacunados. Tras conocer que las vacunas contra&#8230;<\/p>\n","protected":false},"author":1,"featured_media":2895,"comment_status":"open","ping_status":"open","sticky":false,"template":"","format":"standard","meta":{"footnotes":""},"categories":[1],"tags":[],"class_list":["post-2894","post","type-post","status-publish","format-standard","has-post-thumbnail","hentry","category-inicio"],"_links":{"self":[{"href":"https:\/\/www.lodelmomentoloja.com\/index.php?rest_route=\/wp\/v2\/posts\/2894"}],"collection":[{"href":"https:\/\/www.lodelmomentoloja.com\/index.php?rest_route=\/wp\/v2\/posts"}],"about":[{"href":"https:\/\/www.lodelmomentoloja.com\/index.php?rest_route=\/wp\/v2\/types\/post"}],"author":[{"embeddable":true,"href":"https:\/\/www.lodelmomentoloja.com\/index.php?rest_route=\/wp\/v2\/users\/1"}],"replies":[{"embeddable":true,"href":"https:\/\/www.lodelmomentoloja.com\/index.php?rest_route=%2Fwp%2Fv2%2Fcomments&post=2894"}],"version-history":[{"count":1,"href":"https:\/\/www.lodelmomentoloja.com\/index.php?rest_route=\/wp\/v2\/posts\/2894\/revisions"}],"predecessor-version":[{"id":2896,"href":"https:\/\/www.lodelmomentoloja.com\/index.php?rest_route=\/wp\/v2\/posts\/2894\/revisions\/2896"}],"wp:featuredmedia":[{"embeddable":true,"href":"https:\/\/www.lodelmomentoloja.com\/index.php?rest_route=\/wp\/v2\/media\/2895"}],"wp:attachment":[{"href":"https:\/\/www.lodelmomentoloja.com\/index.php?rest_route=%2Fwp%2Fv2%2Fmedia&parent=2894"}],"wp:term":[{"taxonomy":"category","embeddable":true,"href":"https:\/\/www.lodelmomentoloja.com\/index.php?rest_route=%2Fwp%2Fv2%2Fcategories&post=2894"},{"taxonomy":"post_tag","embeddable":true,"href":"https:\/\/www.lodelmomentoloja.com\/index.php?rest_route=%2Fwp%2Fv2%2Ftags&post=2894"}],"curies":[{"name":"wp","href":"https:\/\/api.w.org\/{rel}","templated":true}]}}