{"id":2887,"date":"2021-03-05T13:00:45","date_gmt":"2021-03-05T13:00:45","guid":{"rendered":"http:\/\/www.lodelmomentoloja.com\/?p=2887"},"modified":"2021-03-05T18:06:14","modified_gmt":"2021-03-05T18:06:14","slug":"viteri-los-acusa-de-perder-tiempo","status":"publish","type":"post","link":"https:\/\/www.lodelmomentoloja.com\/?p=2887","title":{"rendered":"Viteri los acusa de perder tiempo"},"content":{"rendered":"<p>#Guayaquil | El pasado 18 de febrero del presente, Cynthia Viteri Alcaldesa de Guayaquil, solicit\u00f3 al gobierno la autorizaci\u00f3n para adquirir vacunas contra el COVID19, compra que se la realizara directamente entre el Municipio de Guayaquil con las farmac\u00e9uticas fabricantes.<\/p>\n<p>El pasado 3 de marzo de 2021 la Alcaldesa de Guayaquil, Viteri, asegur\u00f3 que cuenta con USD 15 millones de d\u00f3lares para comprar dos millones de dosis e inmunizar a un mill\u00f3n de personas por lo que \u201cse escogieron tres tipos de vacunas. La primera es la de AstraZeneca; segunda, la vacuna rusa y tercera la vacuna china\u201d.<\/p>\n<p>Sin embargo, hoy, el nuevo Ministro de Salud, Rodolfo Farf\u00e1n, respondi\u00f3 la solicitud, asegurando que las vacunas deben ser adquiridas bajo estrictas medidas de seguridad aprobadas por la FDA, OMS o la Uni\u00f3n Europea, es por ello que han decidido consultar a la Procuradur\u00eda General del Estado para que se realiza la compra de ser posible bajo la norma legal. \u201cDe acuerdo a la iniciativa Covax de la Organizaci\u00f3n Mundial de la Salud procede a emitir aprobaciones sanitarias \u00fanicas y exclusivamente a los fabricantes de las vacunas COVID-19, y no a intermediarios, distribuidores ni otra entidad distinta al productor.\u201d Recalc\u00e1 el escrito.<\/p>\n<p>Por su lado, Viteri se pronunci\u00f3 mediante comunicado, \u201ceste pronunciamiento, Presidente Lenin Moreno, Vicepresidenta Alejandra Mu\u00f1oz y Ministerio de Salud, es una cruel p\u00e9rdida de valioso tiempo que PARALIZA EL PROCESO DE ADQUISICI\u00d3N DE VACUNAS COVID-19, mientras mueren, se contagian y pierden su trabajo miles de guayaquile\u00f1os.\u201d Menciona el comunicado.<\/p>\n<p>www.lodelmomentoloja.com<br \/>\n#LDMnoticias #lodelmomentolojaLDM<\/p>\n","protected":false},"excerpt":{"rendered":"<p>#Guayaquil | El pasado 18 de febrero del presente, Cynthia Viteri Alcaldesa de Guayaquil, solicit\u00f3&#8230;<\/p>\n","protected":false},"author":1,"featured_media":2888,"comment_status":"open","ping_status":"open","sticky":false,"template":"","format":"standard","meta":{"footnotes":""},"categories":[1],"tags":[],"class_list":["post-2887","post","type-post","status-publish","format-standard","has-post-thumbnail","hentry","category-inicio"],"_links":{"self":[{"href":"https:\/\/www.lodelmomentoloja.com\/index.php?rest_route=\/wp\/v2\/posts\/2887"}],"collection":[{"href":"https:\/\/www.lodelmomentoloja.com\/index.php?rest_route=\/wp\/v2\/posts"}],"about":[{"href":"https:\/\/www.lodelmomentoloja.com\/index.php?rest_route=\/wp\/v2\/types\/post"}],"author":[{"embeddable":true,"href":"https:\/\/www.lodelmomentoloja.com\/index.php?rest_route=\/wp\/v2\/users\/1"}],"replies":[{"embeddable":true,"href":"https:\/\/www.lodelmomentoloja.com\/index.php?rest_route=%2Fwp%2Fv2%2Fcomments&post=2887"}],"version-history":[{"count":1,"href":"https:\/\/www.lodelmomentoloja.com\/index.php?rest_route=\/wp\/v2\/posts\/2887\/revisions"}],"predecessor-version":[{"id":2889,"href":"https:\/\/www.lodelmomentoloja.com\/index.php?rest_route=\/wp\/v2\/posts\/2887\/revisions\/2889"}],"wp:featuredmedia":[{"embeddable":true,"href":"https:\/\/www.lodelmomentoloja.com\/index.php?rest_route=\/wp\/v2\/media\/2888"}],"wp:attachment":[{"href":"https:\/\/www.lodelmomentoloja.com\/index.php?rest_route=%2Fwp%2Fv2%2Fmedia&parent=2887"}],"wp:term":[{"taxonomy":"category","embeddable":true,"href":"https:\/\/www.lodelmomentoloja.com\/index.php?rest_route=%2Fwp%2Fv2%2Fcategories&post=2887"},{"taxonomy":"post_tag","embeddable":true,"href":"https:\/\/www.lodelmomentoloja.com\/index.php?rest_route=%2Fwp%2Fv2%2Ftags&post=2887"}],"curies":[{"name":"wp","href":"https:\/\/api.w.org\/{rel}","templated":true}]}}