{"id":28573,"date":"2025-10-30T09:44:57","date_gmt":"2025-10-30T09:44:57","guid":{"rendered":"https:\/\/www.lodelmomentoloja.com\/?p=28573"},"modified":"2025-10-30T14:48:02","modified_gmt":"2025-10-30T14:48:02","slug":"reduccion-del-iva-para-varias-provincias-con-el-fin-de-reactivar-la-economia-tras-el-paro-nacional","status":"publish","type":"post","link":"https:\/\/www.lodelmomentoloja.com\/?p=28573","title":{"rendered":"Reducci\u00f3n del IVA para varias provincias, con el fin de reactivar la econom\u00eda tras el paro nacional"},"content":{"rendered":"<p>\ud83d\ude31\ud83d\udcc9\ud83d\udcb8\u00a1Buscan reactivaci\u00f3n! Mediante el decreto N\u00ba 196, el primer mandatario anuncia la reducci\u00f3n del Impuesto al Valor Agregado (IVA) del 15% al 8% en Imbabura, Carchi y los cantones Cayambe y Pedro Moncayo, en Pichincha. La medida aplicar\u00e1 entre el 1 y el 4 de noviembre, durante el feriado por el D\u00eda de los Difuntos y la Independencia de Cuenca. Adem\u00e1s, el beneficio se aplicar\u00e1 a los servicios tur\u00edsticos, como hospedaje, gastronom\u00eda y transporte local, con lo que se busca fortalecer las actividades productivas y comerciales afectadas por cierres viales y p\u00e9rdidas econ\u00f3micas.<\/p>\n<p>\ud83c\udf10\u2705 S\u00edguenos en nuestra p\u00e1gina verificada: https:\/\/www.facebook.com\/lodelmomentolojaEC<\/p>\n<p>www.lodelmomentoloja.com<br \/>\n#LDMnoticias #lodelmomentolojaLDM<\/p>\n","protected":false},"excerpt":{"rendered":"<p>\ud83d\ude31\ud83d\udcc9\ud83d\udcb8\u00a1Buscan reactivaci\u00f3n! Mediante el decreto N\u00ba 196, el primer mandatario anuncia la reducci\u00f3n del Impuesto&#8230;<\/p>\n","protected":false},"author":1,"featured_media":28574,"comment_status":"open","ping_status":"open","sticky":false,"template":"","format":"standard","meta":{"footnotes":""},"categories":[7,1],"tags":[],"class_list":["post-28573","post","type-post","status-publish","format-standard","has-post-thumbnail","hentry","category-ecuador","category-inicio"],"_links":{"self":[{"href":"https:\/\/www.lodelmomentoloja.com\/index.php?rest_route=\/wp\/v2\/posts\/28573"}],"collection":[{"href":"https:\/\/www.lodelmomentoloja.com\/index.php?rest_route=\/wp\/v2\/posts"}],"about":[{"href":"https:\/\/www.lodelmomentoloja.com\/index.php?rest_route=\/wp\/v2\/types\/post"}],"author":[{"embeddable":true,"href":"https:\/\/www.lodelmomentoloja.com\/index.php?rest_route=\/wp\/v2\/users\/1"}],"replies":[{"embeddable":true,"href":"https:\/\/www.lodelmomentoloja.com\/index.php?rest_route=%2Fwp%2Fv2%2Fcomments&post=28573"}],"version-history":[{"count":1,"href":"https:\/\/www.lodelmomentoloja.com\/index.php?rest_route=\/wp\/v2\/posts\/28573\/revisions"}],"predecessor-version":[{"id":28575,"href":"https:\/\/www.lodelmomentoloja.com\/index.php?rest_route=\/wp\/v2\/posts\/28573\/revisions\/28575"}],"wp:featuredmedia":[{"embeddable":true,"href":"https:\/\/www.lodelmomentoloja.com\/index.php?rest_route=\/wp\/v2\/media\/28574"}],"wp:attachment":[{"href":"https:\/\/www.lodelmomentoloja.com\/index.php?rest_route=%2Fwp%2Fv2%2Fmedia&parent=28573"}],"wp:term":[{"taxonomy":"category","embeddable":true,"href":"https:\/\/www.lodelmomentoloja.com\/index.php?rest_route=%2Fwp%2Fv2%2Fcategories&post=28573"},{"taxonomy":"post_tag","embeddable":true,"href":"https:\/\/www.lodelmomentoloja.com\/index.php?rest_route=%2Fwp%2Fv2%2Ftags&post=28573"}],"curies":[{"name":"wp","href":"https:\/\/api.w.org\/{rel}","templated":true}]}}