{"id":28547,"date":"2025-10-29T11:13:41","date_gmt":"2025-10-29T11:13:41","guid":{"rendered":"https:\/\/www.lodelmomentoloja.com\/?p=28547"},"modified":"2025-10-29T16:18:58","modified_gmt":"2025-10-29T16:18:58","slug":"gad-chaguarpamba-y-mit-brindan-mantenimiento-via-a-la-costa","status":"publish","type":"post","link":"https:\/\/www.lodelmomentoloja.com\/?p=28547","title":{"rendered":"GAD Chaguarpamba y MIT brindan mantenimiento v\u00eda a la costa."},"content":{"rendered":"<p class=\"selectable-text copyable-text x15bjb6t x1n2onr6\"><span class=\"selectable-text copyable-text xkrh14z\">Este martes 28 de octubre, el alcalde de Chaguarpamba, V\u00edctor Hugo Largo, dispuso un equipo caminero conformado por una moto niveladora, un rodillo y tres volquetes para que realicen el mejoramiento de la v\u00eda a la costa, en los sectores de El Progreso, Cuatro Caminos y Tintanil, con el objetivo de garantizar la movilidad, ya que estamos a puertas de un feriado nacional.<\/p>\n<p><img loading=\"lazy\" decoding=\"async\" class=\"wp-image-28549 aligncenter\" src=\"http:\/\/www.lodelmomentoloja.com\/wp-content\/uploads\/2025\/10\/WhatsApp-Image-2025-10-29-at-10.23.40-AM-300x219.jpeg\" alt=\"\" width=\"596\" height=\"435\" srcset=\"https:\/\/www.lodelmomentoloja.com\/wp-content\/uploads\/2025\/10\/WhatsApp-Image-2025-10-29-at-10.23.40-AM-300x219.jpeg 300w, https:\/\/www.lodelmomentoloja.com\/wp-content\/uploads\/2025\/10\/WhatsApp-Image-2025-10-29-at-10.23.40-AM-1024x748.jpeg 1024w, https:\/\/www.lodelmomentoloja.com\/wp-content\/uploads\/2025\/10\/WhatsApp-Image-2025-10-29-at-10.23.40-AM-768x561.jpeg 768w, https:\/\/www.lodelmomentoloja.com\/wp-content\/uploads\/2025\/10\/WhatsApp-Image-2025-10-29-at-10.23.40-AM-640x467.jpeg 640w, https:\/\/www.lodelmomentoloja.com\/wp-content\/uploads\/2025\/10\/WhatsApp-Image-2025-10-29-at-10.23.40-AM-1536x1121.jpeg 1536w, https:\/\/www.lodelmomentoloja.com\/wp-content\/uploads\/2025\/10\/WhatsApp-Image-2025-10-29-at-10.23.40-AM.jpeg 1600w\" sizes=\"(max-width: 596px) 100vw, 596px\" \/><br \/>\n<\/span><\/p>\n<p class=\"selectable-text copyable-text x15bjb6t x1n2onr6\"><span class=\"selectable-text copyable-text xkrh14z\">El pasado 24 de octubre, la primera autoridad del cant\u00f3n mantuvo una reuni\u00f3n con el subsecretario Edwin Duque, y acordaron unir esfuerzos institucionales para atender los sectores m\u00e1s cr\u00edticos de la v\u00eda a la costa que fueron afectados por la temporada invernal de 2024.<\/span><\/p>\n<p class=\"selectable-text copyable-text x15bjb6t x1n2onr6\"><span class=\"selectable-text copyable-text xkrh14z\">\u201cNuestro aporte institucional se enmarca en nuestra visi\u00f3n de trabajar en unidad, y en esta ocasi\u00f3n, queremos aportar para la movilidad del pa\u00eds, ya que estamos a puertas de un feriado nacional\u201d, dijo el alcalde Largo Machuca.<\/p>\n<p><img loading=\"lazy\" decoding=\"async\" class=\" wp-image-28550 aligncenter\" src=\"http:\/\/www.lodelmomentoloja.com\/wp-content\/uploads\/2025\/10\/WhatsApp-Image-2025-10-29-at-10.23.49-AM-300x209.jpeg\" alt=\"\" width=\"533\" height=\"372\" srcset=\"https:\/\/www.lodelmomentoloja.com\/wp-content\/uploads\/2025\/10\/WhatsApp-Image-2025-10-29-at-10.23.49-AM-300x209.jpeg 300w, https:\/\/www.lodelmomentoloja.com\/wp-content\/uploads\/2025\/10\/WhatsApp-Image-2025-10-29-at-10.23.49-AM-1024x714.jpeg 1024w, https:\/\/www.lodelmomentoloja.com\/wp-content\/uploads\/2025\/10\/WhatsApp-Image-2025-10-29-at-10.23.49-AM-768x536.jpeg 768w, https:\/\/www.lodelmomentoloja.com\/wp-content\/uploads\/2025\/10\/WhatsApp-Image-2025-10-29-at-10.23.49-AM-640x446.jpeg 640w, https:\/\/www.lodelmomentoloja.com\/wp-content\/uploads\/2025\/10\/WhatsApp-Image-2025-10-29-at-10.23.49-AM-1536x1071.jpeg 1536w, https:\/\/www.lodelmomentoloja.com\/wp-content\/uploads\/2025\/10\/WhatsApp-Image-2025-10-29-at-10.23.49-AM.jpeg 1600w\" sizes=\"(max-width: 533px) 100vw, 533px\" \/><br \/>\n<\/span><\/p>\n<p class=\"selectable-text copyable-text x15bjb6t x1n2onr6\"><span class=\"selectable-text copyable-text xkrh14z\">En los siguientes d\u00edas, se tiene previsto incrementar el equipo caminero por parte del Ministerio de Ministerio de Infraestructura y Transporte, con el objetivo de reducir los tiempos de reparaci\u00f3n de esta importante v\u00eda estatal.<\/span><\/p>\n<p class=\"selectable-text copyable-text x15bjb6t x1n2onr6\"><span class=\"x19la9d6 x1fc57z9 x6ikm8r x10wlt62 x19co3pv x11tp94h xfibh0p xiy17q3 x1xsqp64 x1lkfr7t xexx8yu xyri2b x18d9i69 x1c1uobl\"><span class=\"xrtxmta x1bhl96m\">\ud83c\udf10<\/span><\/span><span class=\"x19la9d6 x1fc57z9 x6ikm8r x10wlt62 x19co3pv x11tp94h xfibh0p xiy17q3 x1xsqp64 x1lkfr7t xexx8yu xyri2b x18d9i69 x1c1uobl\"><span class=\"xrtxmta x1bhl96m\">\u2705<\/span><\/span><span class=\"selectable-text copyable-text xkrh14z\"> S\u00edguenos en nuestra p\u00e1gina verificada: <\/span><span class=\"selectable-text copyable-text xkrh14z\">https:\/\/www.facebook.com\/lodelmomentolojaEC<\/span><\/p>\n<p class=\"selectable-text copyable-text x15bjb6t x1n2onr6\"><span class=\"selectable-text copyable-text xkrh14z\">www.lodelmomentoloja.com<\/span><\/p>\n<p class=\"selectable-text copyable-text x15bjb6t x1n2onr6\"><span class=\"selectable-text copyable-text xkrh14z\">#LDMnoticias #lodelmomentolojaLDM<\/span><\/p>\n","protected":false},"excerpt":{"rendered":"<p>Este martes 28 de octubre, el alcalde de Chaguarpamba, V\u00edctor Hugo Largo, dispuso un equipo&#8230;<\/p>\n","protected":false},"author":1,"featured_media":28548,"comment_status":"open","ping_status":"open","sticky":false,"template":"","format":"standard","meta":{"footnotes":""},"categories":[7,1,5],"tags":[],"class_list":["post-28547","post","type-post","status-publish","format-standard","has-post-thumbnail","hentry","category-ecuador","category-inicio","category-loja"],"_links":{"self":[{"href":"https:\/\/www.lodelmomentoloja.com\/index.php?rest_route=\/wp\/v2\/posts\/28547"}],"collection":[{"href":"https:\/\/www.lodelmomentoloja.com\/index.php?rest_route=\/wp\/v2\/posts"}],"about":[{"href":"https:\/\/www.lodelmomentoloja.com\/index.php?rest_route=\/wp\/v2\/types\/post"}],"author":[{"embeddable":true,"href":"https:\/\/www.lodelmomentoloja.com\/index.php?rest_route=\/wp\/v2\/users\/1"}],"replies":[{"embeddable":true,"href":"https:\/\/www.lodelmomentoloja.com\/index.php?rest_route=%2Fwp%2Fv2%2Fcomments&post=28547"}],"version-history":[{"count":1,"href":"https:\/\/www.lodelmomentoloja.com\/index.php?rest_route=\/wp\/v2\/posts\/28547\/revisions"}],"predecessor-version":[{"id":28551,"href":"https:\/\/www.lodelmomentoloja.com\/index.php?rest_route=\/wp\/v2\/posts\/28547\/revisions\/28551"}],"wp:featuredmedia":[{"embeddable":true,"href":"https:\/\/www.lodelmomentoloja.com\/index.php?rest_route=\/wp\/v2\/media\/28548"}],"wp:attachment":[{"href":"https:\/\/www.lodelmomentoloja.com\/index.php?rest_route=%2Fwp%2Fv2%2Fmedia&parent=28547"}],"wp:term":[{"taxonomy":"category","embeddable":true,"href":"https:\/\/www.lodelmomentoloja.com\/index.php?rest_route=%2Fwp%2Fv2%2Fcategories&post=28547"},{"taxonomy":"post_tag","embeddable":true,"href":"https:\/\/www.lodelmomentoloja.com\/index.php?rest_route=%2Fwp%2Fv2%2Ftags&post=28547"}],"curies":[{"name":"wp","href":"https:\/\/api.w.org\/{rel}","templated":true}]}}