{"id":28541,"date":"2025-10-29T09:35:29","date_gmt":"2025-10-29T09:35:29","guid":{"rendered":"https:\/\/www.lodelmomentoloja.com\/?p=28541"},"modified":"2025-10-29T15:36:50","modified_gmt":"2025-10-29T15:36:50","slug":"varios-artistas-formaran-parte-de-la-x-edicion-del-fiavl","status":"publish","type":"post","link":"https:\/\/www.lodelmomentoloja.com\/?p=28541","title":{"rendered":"Varios artistas formar\u00e1n parte de la X edici\u00f3n del FIAVL."},"content":{"rendered":"<p>\ud83c\udfb6\ud83c\udfad\ud83d\udc68\ud83c\udffb\u200d\ud83c\udfa4 \u00a1GAD en FIAV! Ante el anuncio de la 10ma edici\u00f3n del Festival Internacional de Artes Vivas de Loja, la Municipalidad junto a Nettplus, realizar\u00e1n el evento del 13 de noviembre con la llegar\u00e1 del grupo Los Dukes de manera gratuita en la Plaza de San Sebasti\u00e1n desde las 20h00; pero eso no es todo, en el mismo sitio en diferentes fechas se dar\u00e1n m\u00e1s eventos para que la ciudadan\u00eda pueda disfrutar de shows gratuitos que forman parte del FIAV y las Fiestas de Loja.<\/p>\n<p>\u00bfCu\u00e1les son los conciertos de San Sebas?<br \/>\n\u2705 13 noviembre: Los Dukes<br \/>\n\u2705 17 noviembre: La Toquilla y Verde 70<br \/>\n\u2705 18 noviembre: Sergio Sacoto y Los Tauros Jr.<br \/>\n\u2705 21 noviembre: Jarawi.<br \/>\n\u2705 22 noviembre: Tercer Mundo y Adolescentes.<\/p>\n<p>\ud83c\udf10\u2705 S\u00edguenos en nuestra p\u00e1gina verificada: https:\/\/www.facebook.com\/lodelmomentolojaEC<\/p>\n<p>www.lodelmomentoloja.com<br \/>\n<a class=\"x1i10hfl xjbqb8w x1ejq31n x18oe1m7 x1sy0etr xstzfhl x972fbf x10w94by x1qhh985 x14e42zd x9f619 x1ypdohk xt0psk2 x3ct3a4 xdj266r x14z9mp xat24cr x1lziwak xexx8yu xyri2b x18d9i69 x1c1uobl x16tdsg8 x1hl2dhg xggy1nq x1a2a7pz  _aa9_ _a6hd\" tabindex=\"0\" role=\"link\" href=\"https:\/\/www.instagram.com\/explore\/tags\/ldmnoticias\/\">#LDMnoticias<\/a>\u00a0<a class=\"x1i10hfl xjbqb8w x1ejq31n x18oe1m7 x1sy0etr xstzfhl x972fbf x10w94by x1qhh985 x14e42zd x9f619 x1ypdohk xt0psk2 x3ct3a4 xdj266r x14z9mp xat24cr x1lziwak xexx8yu xyri2b x18d9i69 x1c1uobl x16tdsg8 x1hl2dhg xggy1nq x1a2a7pz  _aa9_ _a6hd\" tabindex=\"0\" role=\"link\" href=\"https:\/\/www.instagram.com\/explore\/tags\/lodelmomentolojaldm\/\">#lodelmomentolojaLDM<\/a><\/p>\n","protected":false},"excerpt":{"rendered":"<p>\ud83c\udfb6\ud83c\udfad\ud83d\udc68\ud83c\udffb\u200d\ud83c\udfa4 \u00a1GAD en FIAV! Ante el anuncio de la 10ma edici\u00f3n del Festival Internacional de&#8230;<\/p>\n","protected":false},"author":1,"featured_media":28542,"comment_status":"open","ping_status":"open","sticky":false,"template":"","format":"standard","meta":{"footnotes":""},"categories":[7,1,4,5],"tags":[],"class_list":["post-28541","post","type-post","status-publish","format-standard","has-post-thumbnail","hentry","category-ecuador","category-inicio","category-internacional","category-loja"],"_links":{"self":[{"href":"https:\/\/www.lodelmomentoloja.com\/index.php?rest_route=\/wp\/v2\/posts\/28541"}],"collection":[{"href":"https:\/\/www.lodelmomentoloja.com\/index.php?rest_route=\/wp\/v2\/posts"}],"about":[{"href":"https:\/\/www.lodelmomentoloja.com\/index.php?rest_route=\/wp\/v2\/types\/post"}],"author":[{"embeddable":true,"href":"https:\/\/www.lodelmomentoloja.com\/index.php?rest_route=\/wp\/v2\/users\/1"}],"replies":[{"embeddable":true,"href":"https:\/\/www.lodelmomentoloja.com\/index.php?rest_route=%2Fwp%2Fv2%2Fcomments&post=28541"}],"version-history":[{"count":1,"href":"https:\/\/www.lodelmomentoloja.com\/index.php?rest_route=\/wp\/v2\/posts\/28541\/revisions"}],"predecessor-version":[{"id":28543,"href":"https:\/\/www.lodelmomentoloja.com\/index.php?rest_route=\/wp\/v2\/posts\/28541\/revisions\/28543"}],"wp:featuredmedia":[{"embeddable":true,"href":"https:\/\/www.lodelmomentoloja.com\/index.php?rest_route=\/wp\/v2\/media\/28542"}],"wp:attachment":[{"href":"https:\/\/www.lodelmomentoloja.com\/index.php?rest_route=%2Fwp%2Fv2%2Fmedia&parent=28541"}],"wp:term":[{"taxonomy":"category","embeddable":true,"href":"https:\/\/www.lodelmomentoloja.com\/index.php?rest_route=%2Fwp%2Fv2%2Fcategories&post=28541"},{"taxonomy":"post_tag","embeddable":true,"href":"https:\/\/www.lodelmomentoloja.com\/index.php?rest_route=%2Fwp%2Fv2%2Ftags&post=28541"}],"curies":[{"name":"wp","href":"https:\/\/api.w.org\/{rel}","templated":true}]}}