{"id":28534,"date":"2025-10-28T18:59:42","date_gmt":"2025-10-28T18:59:42","guid":{"rendered":"https:\/\/www.lodelmomentoloja.com\/?p=28534"},"modified":"2025-10-29T00:02:59","modified_gmt":"2025-10-29T00:02:59","slug":"este-es-el-presupuesto-que-ha-recibido-el-fiavl-en-estos-10-anos","status":"publish","type":"post","link":"https:\/\/www.lodelmomentoloja.com\/?p=28534","title":{"rendered":"Este es el presupuesto que ha recibido el FIAVL en estos 10 a\u00f1os"},"content":{"rendered":"<p class=\"selectable-text copyable-text x15bjb6t x1n2onr6\"><span class=\"x19la9d6 x1fc57z9 x6ikm8r x10wlt62 x19co3pv x11tp94h xfibh0p xiy17q3 x1xsqp64 x1lkfr7t xexx8yu xyri2b x18d9i69 x1c1uobl\"><span class=\"xrtxmta x1bhl96m\"><img loading=\"lazy\" decoding=\"async\" class=\"wp-image-28535 aligncenter\" src=\"http:\/\/www.lodelmomentoloja.com\/wp-content\/uploads\/2025\/10\/FIAV-FINANCIAMIENTO-300x169.jpg\" alt=\"\" width=\"875\" height=\"493\" srcset=\"https:\/\/www.lodelmomentoloja.com\/wp-content\/uploads\/2025\/10\/FIAV-FINANCIAMIENTO-300x169.jpg 300w, https:\/\/www.lodelmomentoloja.com\/wp-content\/uploads\/2025\/10\/FIAV-FINANCIAMIENTO-1024x576.jpg 1024w, https:\/\/www.lodelmomentoloja.com\/wp-content\/uploads\/2025\/10\/FIAV-FINANCIAMIENTO-768x432.jpg 768w, https:\/\/www.lodelmomentoloja.com\/wp-content\/uploads\/2025\/10\/FIAV-FINANCIAMIENTO-640x360.jpg 640w, https:\/\/www.lodelmomentoloja.com\/wp-content\/uploads\/2025\/10\/FIAV-FINANCIAMIENTO-1536x864.jpg 1536w, https:\/\/www.lodelmomentoloja.com\/wp-content\/uploads\/2025\/10\/FIAV-FINANCIAMIENTO.jpg 1920w\" sizes=\"(max-width: 875px) 100vw, 875px\" \/><\/p>\n<p>\ud83c\udfad<\/span><\/span><span class=\"x19la9d6 x1fc57z9 x6ikm8r x10wlt62 x19co3pv x11tp94h xfibh0p xiy17q3 x1xsqp64 x1lkfr7t xexx8yu xyri2b x18d9i69 x1c1uobl\"><span class=\"xrtxmta x1bhl96m\">\ud83d\udc83\ud83c\udffb<\/span><\/span><span class=\"x19la9d6 x1fc57z9 x6ikm8r x10wlt62 x19co3pv x11tp94h xfibh0p xiy17q3 x1xsqp64 x1lkfr7t xexx8yu xyri2b x18d9i69 x1c1uobl\"><span class=\"xrtxmta x1bhl96m\">\ud83d\udde3\ufe0f<\/span><\/span><span class=\"selectable-text copyable-text xkrh14z\"> \u00a1Ajustes presupuestarios! Estos son los ajustes presupuestarios que ha sufrido el FIAVL a puertas de llevar a cabo su d\u00e9cima edici\u00f3n para lo cual, la alcaldesa de Loja en compa\u00f1\u00edas dem\u00e1s autoridades realizaron la presentaci\u00f3n de la cartelera del festival 2025 \u00bfQu\u00e9 nos traer\u00e1?<\/span><\/p>\n<div style=\"width: 640px;\" class=\"wp-video\"><!--[if lt IE 9]><script>document.createElement('video');<\/script><![endif]-->\n<video class=\"wp-video-shortcode\" id=\"video-28534-1\" width=\"640\" height=\"360\" preload=\"metadata\" controls=\"controls\"><source type=\"video\/mp4\" src=\"http:\/\/www.lodelmomentoloja.com\/wp-content\/uploads\/2025\/10\/PRESUPUESTO-DEL-FIAVL-REDUCIDO.mp4?_=1\" \/><a href=\"http:\/\/www.lodelmomentoloja.com\/wp-content\/uploads\/2025\/10\/PRESUPUESTO-DEL-FIAVL-REDUCIDO.mp4\">http:\/\/www.lodelmomentoloja.com\/wp-content\/uploads\/2025\/10\/PRESUPUESTO-DEL-FIAVL-REDUCIDO.mp4<\/a><\/video><\/div>\n<p class=\"selectable-text copyable-text x15bjb6t x1n2onr6\">\n<p>El Festival se desarrollar\u00e1 desde 13 al 23 de noviembre con Chile como pa\u00eds invitado de honor para esta edici\u00f3n, que se suma a los 18 pa\u00edses que estar\u00e1n presentes como la Uni\u00f3n Europea, Turqu\u00eda, Espa\u00f1a, Francia, Corea del Sur, M\u00e9xico, Estados Unidos, Colombia, B\u00e9lgica \u2013 Italia, Brasil, Argentina, Bolivia, Costa Rica, Venezuela, Per\u00fa y Paraguay.<\/p>\n<p>Este 2025, estar\u00e1n en escena 31 artistas y elencos internacionales; 33 nacionales 60 talentos locales; de igual manera, el estival tendr\u00e1 como protagonista a la mascota oficial \u2018Alforjita\u2019. Adem\u00e1s de noches art\u00edsticas para deleitar al p\u00fablico en general.<\/p>\n<p>Son m\u00e1s de 50 espacios entre plazas, calles, teatros, parques que est\u00e1n destinados al arte y la cultura donde se presentar\u00e1n destacados artistas.<\/p>\n<p>Bajo el lema \u201c10 Memorias del Festival\u201d se rendir\u00e1 homenaje a una d\u00e9cada de expresi\u00f3n art\u00edstica, rescatando la esencia del pasado, la fuerza del presente y la proyecci\u00f3n hacia el futuro de este evento cultural.<\/p>\n<p>Pero \u00bfC\u00f3mo naci\u00f3 el Festival Internacional de Artes Vivas? Este evento cultural se desarroll\u00f3 bajo la administraci\u00f3n del exalcalde Jos\u00e9 Bol\u00edvar Castillo y la voluntad pol\u00edtica del exmandatario Rafael Correa.<\/p>\n<p>Sin embargo, a lo largo de los a\u00f1os este festival ha sufrido m\u00faltiples ajustes presupuestarios, seg\u00fan datos oficiales, la primera edici\u00f3n se desarroll\u00f3 con un presupuesto aproximado de USD 1. 2 millones; para las dos siguientes ediciones (2017 &#8211; 2018) el Gobierno Nacional mediante decreto ejecutivo firmado por el expresidente Rafael Correa dispuso alrededor de USD 3 millones para cada a\u00f1o, aunque el valor oficial de la tercera edici\u00f3n fue de USD 2.6 millones. El cuarta tuvo un presupuesto de cerca de USD 1.6 millones, la quinta el capital se redujo a USD 756 mil aproximadamente. La sexta edici\u00f3n del a\u00f1o 2021 se invirti\u00f3 alrededor de USD 844 mil. La s\u00e9ptima edici\u00f3n el valor increment\u00f3 a USD 1 mill\u00f3n. Para el a\u00f1o 2023, seg\u00fan algunos reportes el presupuesto fue entre USD 620 mil, mientras que la novena edici\u00f3n, a\u00f1o 2024 el mont\u00f3 fue de USD 700 mil y, para este 2025 el festival contar\u00e1 con un presupuesto aproximado a los USD 1.3 millones, seg\u00fan lo detallaron representantes gubernamentales.<\/p>\n<p>El Festival de Artes Vivas cumple 10 a\u00f1os y muchos ya se preparan para disfrutar de varios d\u00edas llenos de arte, m\u00fasica y diversi\u00f3n.<\/p>\n<p class=\"selectable-text copyable-text x15bjb6t x1n2onr6\"><span class=\"x19la9d6 x1fc57z9 x6ikm8r x10wlt62 x19co3pv x11tp94h xfibh0p xiy17q3 x1xsqp64 x1lkfr7t xexx8yu xyri2b x18d9i69 x1c1uobl\"><span class=\"xrtxmta x1bhl96m\">\ud83c\udf10<\/span><\/span><span class=\"x19la9d6 x1fc57z9 x6ikm8r x10wlt62 x19co3pv x11tp94h xfibh0p xiy17q3 x1xsqp64 x1lkfr7t xexx8yu xyri2b x18d9i69 x1c1uobl\"><span class=\"xrtxmta x1bhl96m\">\u2705<\/span><\/span><span class=\"selectable-text copyable-text xkrh14z\"> S\u00edguenos en nuestra p\u00e1gina verificada: <\/span><span class=\"selectable-text copyable-text xkrh14z\">https:\/\/www.facebook.com\/lodelmomentolojaEC<\/span><\/p>\n<p class=\"selectable-text copyable-text x15bjb6t x1n2onr6\"><span class=\"selectable-text copyable-text xkrh14z\">www.lodelmomentoloja.com<\/span><\/p>\n<p class=\"selectable-text copyable-text x15bjb6t x1n2onr6\"><span class=\"selectable-text copyable-text xkrh14z\">#LDMnoticias #lodelmomentolojaLDM<\/span><\/p>\n","protected":false},"excerpt":{"rendered":"<p>\ud83c\udfad\ud83d\udc83\ud83c\udffb\ud83d\udde3\ufe0f \u00a1Ajustes presupuestarios! Estos son los ajustes presupuestarios que ha sufrido el FIAVL a puertas&#8230;<\/p>\n","protected":false},"author":1,"featured_media":0,"comment_status":"open","ping_status":"open","sticky":false,"template":"","format":"standard","meta":{"footnotes":""},"categories":[7,1,4,5],"tags":[],"class_list":["post-28534","post","type-post","status-publish","format-standard","hentry","category-ecuador","category-inicio","category-internacional","category-loja"],"_links":{"self":[{"href":"https:\/\/www.lodelmomentoloja.com\/index.php?rest_route=\/wp\/v2\/posts\/28534"}],"collection":[{"href":"https:\/\/www.lodelmomentoloja.com\/index.php?rest_route=\/wp\/v2\/posts"}],"about":[{"href":"https:\/\/www.lodelmomentoloja.com\/index.php?rest_route=\/wp\/v2\/types\/post"}],"author":[{"embeddable":true,"href":"https:\/\/www.lodelmomentoloja.com\/index.php?rest_route=\/wp\/v2\/users\/1"}],"replies":[{"embeddable":true,"href":"https:\/\/www.lodelmomentoloja.com\/index.php?rest_route=%2Fwp%2Fv2%2Fcomments&post=28534"}],"version-history":[{"count":1,"href":"https:\/\/www.lodelmomentoloja.com\/index.php?rest_route=\/wp\/v2\/posts\/28534\/revisions"}],"predecessor-version":[{"id":28537,"href":"https:\/\/www.lodelmomentoloja.com\/index.php?rest_route=\/wp\/v2\/posts\/28534\/revisions\/28537"}],"wp:attachment":[{"href":"https:\/\/www.lodelmomentoloja.com\/index.php?rest_route=%2Fwp%2Fv2%2Fmedia&parent=28534"}],"wp:term":[{"taxonomy":"category","embeddable":true,"href":"https:\/\/www.lodelmomentoloja.com\/index.php?rest_route=%2Fwp%2Fv2%2Fcategories&post=28534"},{"taxonomy":"post_tag","embeddable":true,"href":"https:\/\/www.lodelmomentoloja.com\/index.php?rest_route=%2Fwp%2Fv2%2Ftags&post=28534"}],"curies":[{"name":"wp","href":"https:\/\/api.w.org\/{rel}","templated":true}]}}