{"id":2848,"date":"2021-03-04T10:30:50","date_gmt":"2021-03-04T10:30:50","guid":{"rendered":"http:\/\/www.lodelmomentoloja.com\/?p=2848"},"modified":"2021-03-04T15:30:42","modified_gmt":"2021-03-04T15:30:42","slug":"caridad-vela-positivo-para-covid-19","status":"publish","type":"post","link":"https:\/\/www.lodelmomentoloja.com\/?p=2848","title":{"rendered":"Caridad Vela positivo para COVID-19"},"content":{"rendered":"<p>#Nacional | Vela permanecer\u00e1 en aislamiento.<\/p>\n<p>Mediante un comunicado, la Presidencia de la Rep\u00fablica agreg\u00f3 que su estado de salud es estable y que cumplir\u00e1 con el aislamiento pertinente.<\/p>\n<p>Vela es la titular de la Cartera de Comunicaci\u00f3n de la Presidencia desde el 9 de julio del 2020, en reemplazo de Gustavo Isch. Por esta instituci\u00f3n tambi\u00e9n pasaron Gabriel Arroba (quien tambi\u00e9n se contagi\u00f3 del virus mientras estuvo en el cargo), Edaurdo Khalif\u00e9 y Andr\u00e9s Michelena.<\/p>\n<p>www.lodelmomentoloja.com<br \/>\n#LDMnoticias #lodelmomentolojaLDM<\/p>\n","protected":false},"excerpt":{"rendered":"<p>#Nacional | Vela permanecer\u00e1 en aislamiento. Mediante un comunicado, la Presidencia de la Rep\u00fablica agreg\u00f3&#8230;<\/p>\n","protected":false},"author":1,"featured_media":2849,"comment_status":"open","ping_status":"open","sticky":false,"template":"","format":"standard","meta":{"footnotes":""},"categories":[1],"tags":[],"class_list":["post-2848","post","type-post","status-publish","format-standard","has-post-thumbnail","hentry","category-inicio"],"_links":{"self":[{"href":"https:\/\/www.lodelmomentoloja.com\/index.php?rest_route=\/wp\/v2\/posts\/2848"}],"collection":[{"href":"https:\/\/www.lodelmomentoloja.com\/index.php?rest_route=\/wp\/v2\/posts"}],"about":[{"href":"https:\/\/www.lodelmomentoloja.com\/index.php?rest_route=\/wp\/v2\/types\/post"}],"author":[{"embeddable":true,"href":"https:\/\/www.lodelmomentoloja.com\/index.php?rest_route=\/wp\/v2\/users\/1"}],"replies":[{"embeddable":true,"href":"https:\/\/www.lodelmomentoloja.com\/index.php?rest_route=%2Fwp%2Fv2%2Fcomments&post=2848"}],"version-history":[{"count":1,"href":"https:\/\/www.lodelmomentoloja.com\/index.php?rest_route=\/wp\/v2\/posts\/2848\/revisions"}],"predecessor-version":[{"id":2850,"href":"https:\/\/www.lodelmomentoloja.com\/index.php?rest_route=\/wp\/v2\/posts\/2848\/revisions\/2850"}],"wp:featuredmedia":[{"embeddable":true,"href":"https:\/\/www.lodelmomentoloja.com\/index.php?rest_route=\/wp\/v2\/media\/2849"}],"wp:attachment":[{"href":"https:\/\/www.lodelmomentoloja.com\/index.php?rest_route=%2Fwp%2Fv2%2Fmedia&parent=2848"}],"wp:term":[{"taxonomy":"category","embeddable":true,"href":"https:\/\/www.lodelmomentoloja.com\/index.php?rest_route=%2Fwp%2Fv2%2Fcategories&post=2848"},{"taxonomy":"post_tag","embeddable":true,"href":"https:\/\/www.lodelmomentoloja.com\/index.php?rest_route=%2Fwp%2Fv2%2Ftags&post=2848"}],"curies":[{"name":"wp","href":"https:\/\/api.w.org\/{rel}","templated":true}]}}