{"id":28475,"date":"2025-10-24T11:22:31","date_gmt":"2025-10-24T11:22:31","guid":{"rendered":"https:\/\/www.lodelmomentoloja.com\/?p=28475"},"modified":"2025-10-24T16:23:40","modified_gmt":"2025-10-24T16:23:40","slug":"dayanara-peralta-concierto-en-loja","status":"publish","type":"post","link":"https:\/\/www.lodelmomentoloja.com\/?p=28475","title":{"rendered":"Dayanara Peralta concierto en Loja."},"content":{"rendered":"<p>\ud83d\udc94\u2728\ud83c\udf99\ufe0f \u00a1Cortavenas Tour! La incre\u00edble Dayanara Peralta brindar\u00e1 un concierto imperdible este 24 de octubre, en el Coliseo Santiago Fern\u00e1ndez Garc\u00eda, a partir de las 19h00, en donde nos pondr\u00e1 a cantar, bailar y sentir cada emoci\u00f3n en una noche \u00fanica. Adem\u00e1s junto a ella, lo mejor del talento local con \u00d3scar Herraes y Camilo Sesto (Robert Ord\u00f3\u00f1ez \u2013 Yo Me Llamo) y desde Colombia Tributo Vallenato.<\/p>\n<p>\ud83c\udf9f\ufe0f Entradas disponibles en CLIPP.<br \/>\n\ud83c\udfab General $12 | \ud83c\udfab Tribuna $15 | \ud83c\udfab VIP Sillas $20 | \ud83c\udfab Golden Box $25 (numeradas)<\/p>\n<p>\ud83c\udf10\u2705 S\u00edguenos en nuestra p\u00e1gina verificada: https:\/\/www.facebook.com\/lodelmomentolojaEC<\/p>\n<p>www.lodelmomentoloja.com<br \/>\n<a class=\"x1i10hfl xjbqb8w x1ejq31n x18oe1m7 x1sy0etr xstzfhl x972fbf x10w94by x1qhh985 x14e42zd x9f619 x1ypdohk xt0psk2 x3ct3a4 xdj266r x14z9mp xat24cr x1lziwak xexx8yu xyri2b x18d9i69 x1c1uobl x16tdsg8 x1hl2dhg xggy1nq x1a2a7pz  _aa9_ _a6hd\" tabindex=\"0\" role=\"link\" href=\"https:\/\/www.instagram.com\/explore\/tags\/ldmnoticias\/\">#LDMnoticias<\/a>\u00a0<a class=\"x1i10hfl xjbqb8w x1ejq31n x18oe1m7 x1sy0etr xstzfhl x972fbf x10w94by x1qhh985 x14e42zd x9f619 x1ypdohk xt0psk2 x3ct3a4 xdj266r x14z9mp xat24cr x1lziwak xexx8yu xyri2b x18d9i69 x1c1uobl x16tdsg8 x1hl2dhg xggy1nq x1a2a7pz  _aa9_ _a6hd\" tabindex=\"0\" role=\"link\" href=\"https:\/\/www.instagram.com\/explore\/tags\/lodelmomentolojaldm\/\">#lodelmomentolojaLDM<\/a><\/p>\n","protected":false},"excerpt":{"rendered":"<p>\ud83d\udc94\u2728\ud83c\udf99\ufe0f \u00a1Cortavenas Tour! La incre\u00edble Dayanara Peralta brindar\u00e1 un concierto imperdible este 24 de octubre,&#8230;<\/p>\n","protected":false},"author":1,"featured_media":28476,"comment_status":"open","ping_status":"open","sticky":false,"template":"","format":"standard","meta":{"footnotes":""},"categories":[7,1,5],"tags":[],"class_list":["post-28475","post","type-post","status-publish","format-standard","has-post-thumbnail","hentry","category-ecuador","category-inicio","category-loja"],"_links":{"self":[{"href":"https:\/\/www.lodelmomentoloja.com\/index.php?rest_route=\/wp\/v2\/posts\/28475"}],"collection":[{"href":"https:\/\/www.lodelmomentoloja.com\/index.php?rest_route=\/wp\/v2\/posts"}],"about":[{"href":"https:\/\/www.lodelmomentoloja.com\/index.php?rest_route=\/wp\/v2\/types\/post"}],"author":[{"embeddable":true,"href":"https:\/\/www.lodelmomentoloja.com\/index.php?rest_route=\/wp\/v2\/users\/1"}],"replies":[{"embeddable":true,"href":"https:\/\/www.lodelmomentoloja.com\/index.php?rest_route=%2Fwp%2Fv2%2Fcomments&post=28475"}],"version-history":[{"count":1,"href":"https:\/\/www.lodelmomentoloja.com\/index.php?rest_route=\/wp\/v2\/posts\/28475\/revisions"}],"predecessor-version":[{"id":28477,"href":"https:\/\/www.lodelmomentoloja.com\/index.php?rest_route=\/wp\/v2\/posts\/28475\/revisions\/28477"}],"wp:featuredmedia":[{"embeddable":true,"href":"https:\/\/www.lodelmomentoloja.com\/index.php?rest_route=\/wp\/v2\/media\/28476"}],"wp:attachment":[{"href":"https:\/\/www.lodelmomentoloja.com\/index.php?rest_route=%2Fwp%2Fv2%2Fmedia&parent=28475"}],"wp:term":[{"taxonomy":"category","embeddable":true,"href":"https:\/\/www.lodelmomentoloja.com\/index.php?rest_route=%2Fwp%2Fv2%2Fcategories&post=28475"},{"taxonomy":"post_tag","embeddable":true,"href":"https:\/\/www.lodelmomentoloja.com\/index.php?rest_route=%2Fwp%2Fv2%2Ftags&post=28475"}],"curies":[{"name":"wp","href":"https:\/\/api.w.org\/{rel}","templated":true}]}}