{"id":28469,"date":"2025-10-24T08:40:23","date_gmt":"2025-10-24T08:40:23","guid":{"rendered":"https:\/\/www.lodelmomentoloja.com\/?p=28469"},"modified":"2025-10-24T14:09:17","modified_gmt":"2025-10-24T14:09:17","slug":"noboa-y-su-gabinete-vuelven-a-quito-tras-finalizar-el-paro","status":"publish","type":"post","link":"https:\/\/www.lodelmomentoloja.com\/?p=28469","title":{"rendered":"Noboa y su gabinete vuelven a Quito, tras finalizar el paro."},"content":{"rendered":"<p>\ud83c\uddea\ud83c\udde8\ud83d\udde3\ufe0f\ud83d\udc4f\ud83c\udffb\u00a1Tras 31 d\u00edas! El presidente Daniel Noboa dispuso el retorno de la sede del Ejecutivo a Quito, poniendo fin al traslado temporal a Latacunga, Cotopaxi. La medida se formaliz\u00f3 mediante el Decreto 185, emitido este 23 de octubre de 2025, con el cual tambi\u00e9n se establece que la Vicepresidencia retome sus funciones en Quito, tras haber operado desde Otavalo durante las protestas nacionales. Antes de ello, el mandatario agradeci\u00f3 a la ciudadan\u00eda de Latacunga por su apoyo y hospitalidad, publicando un mensaje de despedida en sus redes sociales acompa\u00f1ado de una fotograf\u00eda.<\/p>\n<p>\ud83c\udf10\u2705 S\u00edguenos en nuestra p\u00e1gina verificada: https:\/\/www.facebook.com\/lodelmomentolojaEC<\/p>\n<p>www.lodelmomentoloja.com<br \/>\n#LDMnoticias #lodelmomentolojaLDM<\/p>\n","protected":false},"excerpt":{"rendered":"<p>\ud83c\uddea\ud83c\udde8\ud83d\udde3\ufe0f\ud83d\udc4f\ud83c\udffb\u00a1Tras 31 d\u00edas! El presidente Daniel Noboa dispuso el retorno de la sede del Ejecutivo&#8230;<\/p>\n","protected":false},"author":1,"featured_media":28470,"comment_status":"open","ping_status":"open","sticky":false,"template":"","format":"standard","meta":{"footnotes":""},"categories":[7,1,5],"tags":[],"class_list":["post-28469","post","type-post","status-publish","format-standard","has-post-thumbnail","hentry","category-ecuador","category-inicio","category-loja"],"_links":{"self":[{"href":"https:\/\/www.lodelmomentoloja.com\/index.php?rest_route=\/wp\/v2\/posts\/28469"}],"collection":[{"href":"https:\/\/www.lodelmomentoloja.com\/index.php?rest_route=\/wp\/v2\/posts"}],"about":[{"href":"https:\/\/www.lodelmomentoloja.com\/index.php?rest_route=\/wp\/v2\/types\/post"}],"author":[{"embeddable":true,"href":"https:\/\/www.lodelmomentoloja.com\/index.php?rest_route=\/wp\/v2\/users\/1"}],"replies":[{"embeddable":true,"href":"https:\/\/www.lodelmomentoloja.com\/index.php?rest_route=%2Fwp%2Fv2%2Fcomments&post=28469"}],"version-history":[{"count":1,"href":"https:\/\/www.lodelmomentoloja.com\/index.php?rest_route=\/wp\/v2\/posts\/28469\/revisions"}],"predecessor-version":[{"id":28471,"href":"https:\/\/www.lodelmomentoloja.com\/index.php?rest_route=\/wp\/v2\/posts\/28469\/revisions\/28471"}],"wp:featuredmedia":[{"embeddable":true,"href":"https:\/\/www.lodelmomentoloja.com\/index.php?rest_route=\/wp\/v2\/media\/28470"}],"wp:attachment":[{"href":"https:\/\/www.lodelmomentoloja.com\/index.php?rest_route=%2Fwp%2Fv2%2Fmedia&parent=28469"}],"wp:term":[{"taxonomy":"category","embeddable":true,"href":"https:\/\/www.lodelmomentoloja.com\/index.php?rest_route=%2Fwp%2Fv2%2Fcategories&post=28469"},{"taxonomy":"post_tag","embeddable":true,"href":"https:\/\/www.lodelmomentoloja.com\/index.php?rest_route=%2Fwp%2Fv2%2Ftags&post=28469"}],"curies":[{"name":"wp","href":"https:\/\/api.w.org\/{rel}","templated":true}]}}