{"id":28458,"date":"2025-10-23T10:31:03","date_gmt":"2025-10-23T10:31:03","guid":{"rendered":"https:\/\/www.lodelmomentoloja.com\/?p=28458"},"modified":"2025-10-23T15:31:53","modified_gmt":"2025-10-23T15:31:53","slug":"maria-emilia-torres-es-la-nueva-reina-de-loja","status":"publish","type":"post","link":"https:\/\/www.lodelmomentoloja.com\/?p=28458","title":{"rendered":"Mar\u00eda Emilia Torres, es la nueva Reina de Loja"},"content":{"rendered":"<p>\ud83d\udc78\ud83c\udffb\u2728\ud83d\udc4f\ud83c\udffb\u00a1Nueva representante! Loja cuenta con una nueva representante de la belleza y civismo, Mar\u00eda\u202fEmilia\u202fTorres\u202fTinoco ha sido designada como Reina de Loja para el periodo 2025\u20112026, en el marco de la conmemoraci\u00f3n de los 205 a\u00f1os de Independencia Pol\u00edtica de Loja y su coronaci\u00f3n se llevar\u00e1 a cabo el pr\u00f3ximo 30 de octubre del 2025, en el Hotel Grand Victoria Boutique Hotel.<\/p>\n<p>\u00adMar\u00eda Emilia tiene 22 a\u00f1os, es oriunda de Loja y culmin\u00f3 su formaci\u00f3n profesional como odont\u00f3loga en la Universidad\u202fNacional\u202fde\u202fLoja. Actualmente est\u00e1 realizando su a\u00f1o de servicio rural.<\/p>\n<p>\ud83c\udf10\u2705 S\u00edguenos en nuestra p\u00e1gina verificada: https:\/\/www.facebook.com\/lodelmomentolojaEC<\/p>\n<p>www.lodelmomentoloja.com<br \/>\n<a class=\"x1i10hfl xjbqb8w x1ejq31n x18oe1m7 x1sy0etr xstzfhl x972fbf x10w94by x1qhh985 x14e42zd x9f619 x1ypdohk xt0psk2 x3ct3a4 xdj266r x14z9mp xat24cr x1lziwak xexx8yu xyri2b x18d9i69 x1c1uobl x16tdsg8 x1hl2dhg xggy1nq x1a2a7pz  _aa9_ _a6hd\" tabindex=\"0\" role=\"link\" href=\"https:\/\/www.instagram.com\/explore\/tags\/ldmnoticias\/\">#LDMnoticias<\/a>\u00a0<a class=\"x1i10hfl xjbqb8w x1ejq31n x18oe1m7 x1sy0etr xstzfhl x972fbf x10w94by x1qhh985 x14e42zd x9f619 x1ypdohk xt0psk2 x3ct3a4 xdj266r x14z9mp xat24cr x1lziwak xexx8yu xyri2b x18d9i69 x1c1uobl x16tdsg8 x1hl2dhg xggy1nq x1a2a7pz  _aa9_ _a6hd\" tabindex=\"0\" role=\"link\" href=\"https:\/\/www.instagram.com\/explore\/tags\/lodelmomentolojaldm\/\">#lodelmomentolojaLDM<\/a><\/p>\n","protected":false},"excerpt":{"rendered":"<p>\ud83d\udc78\ud83c\udffb\u2728\ud83d\udc4f\ud83c\udffb\u00a1Nueva representante! Loja cuenta con una nueva representante de la belleza y civismo, Mar\u00eda\u202fEmilia\u202fTorres\u202fTinoco ha&#8230;<\/p>\n","protected":false},"author":1,"featured_media":28459,"comment_status":"open","ping_status":"open","sticky":false,"template":"","format":"standard","meta":{"footnotes":""},"categories":[7,1,5],"tags":[],"class_list":["post-28458","post","type-post","status-publish","format-standard","has-post-thumbnail","hentry","category-ecuador","category-inicio","category-loja"],"_links":{"self":[{"href":"https:\/\/www.lodelmomentoloja.com\/index.php?rest_route=\/wp\/v2\/posts\/28458"}],"collection":[{"href":"https:\/\/www.lodelmomentoloja.com\/index.php?rest_route=\/wp\/v2\/posts"}],"about":[{"href":"https:\/\/www.lodelmomentoloja.com\/index.php?rest_route=\/wp\/v2\/types\/post"}],"author":[{"embeddable":true,"href":"https:\/\/www.lodelmomentoloja.com\/index.php?rest_route=\/wp\/v2\/users\/1"}],"replies":[{"embeddable":true,"href":"https:\/\/www.lodelmomentoloja.com\/index.php?rest_route=%2Fwp%2Fv2%2Fcomments&post=28458"}],"version-history":[{"count":1,"href":"https:\/\/www.lodelmomentoloja.com\/index.php?rest_route=\/wp\/v2\/posts\/28458\/revisions"}],"predecessor-version":[{"id":28460,"href":"https:\/\/www.lodelmomentoloja.com\/index.php?rest_route=\/wp\/v2\/posts\/28458\/revisions\/28460"}],"wp:featuredmedia":[{"embeddable":true,"href":"https:\/\/www.lodelmomentoloja.com\/index.php?rest_route=\/wp\/v2\/media\/28459"}],"wp:attachment":[{"href":"https:\/\/www.lodelmomentoloja.com\/index.php?rest_route=%2Fwp%2Fv2%2Fmedia&parent=28458"}],"wp:term":[{"taxonomy":"category","embeddable":true,"href":"https:\/\/www.lodelmomentoloja.com\/index.php?rest_route=%2Fwp%2Fv2%2Fcategories&post=28458"},{"taxonomy":"post_tag","embeddable":true,"href":"https:\/\/www.lodelmomentoloja.com\/index.php?rest_route=%2Fwp%2Fv2%2Ftags&post=28458"}],"curies":[{"name":"wp","href":"https:\/\/api.w.org\/{rel}","templated":true}]}}