{"id":2845,"date":"2021-03-04T09:50:36","date_gmt":"2021-03-04T09:50:36","guid":{"rendered":"http:\/\/www.lodelmomentoloja.com\/?p=2845"},"modified":"2021-03-04T14:54:57","modified_gmt":"2021-03-04T14:54:57","slug":"inicia-fase-1-de-vacunacion","status":"publish","type":"post","link":"https:\/\/www.lodelmomentoloja.com\/?p=2845","title":{"rendered":"Inicia &#8220;Fase 1&#8221; de vacunaci\u00f3n."},"content":{"rendered":"<p>#Nacional | inicio a la Fase 1 del \u201cPlan Vacunarse\u201d.<\/p>\n<p>El ministro de Salud P\u00fablica, Rodolfo Farf\u00e1n, se\u00f1al\u00f3 que dentro de esta Fase 1, la prioridad es concluir con todo el personal de salud vacunable* de la red p\u00fablica y privada que no fue parte del grupo objetivo de la Fase 0, luego de lo cual se continuar\u00e1 de forma simult\u00e1nea con todos los otros grupos objetivos de la Fase 1. \u201cLa prioridad es el personal sanitario\u201d se\u00f1al\u00f3 el Ministro.<\/p>\n<p>La Fase 1 de vacunaci\u00f3n incluye a los siguientes grupos objetivos: Personal de salud (no incluido en Fase 0) de toda la red p\u00fablica y privada, Polic\u00eda y Fuerza P\u00fablica, Docentes, Poblaci\u00f3n vulnerable, Personas de la tercera edad, Personal de recolecci\u00f3n de desechos, Personal de sectores estrat\u00e9gicos (atenci\u00f3n de servicios p\u00fablicos, justicia, seguridad complementaria, otros)<\/p>\n<p>La Fase 1 cubrir\u00e1 alrededor de dos millones de personas, siendo las personas de la tercera edad el 57 % del grupo objetivo.<\/p>\n<p>www.lodelmomentoloja.com<br \/>\n#LDMnoticias #lodelmomentolojaLDM<\/p>\n","protected":false},"excerpt":{"rendered":"<p>#Nacional | inicio a la Fase 1 del \u201cPlan Vacunarse\u201d. El ministro de Salud P\u00fablica,&#8230;<\/p>\n","protected":false},"author":1,"featured_media":2846,"comment_status":"open","ping_status":"open","sticky":false,"template":"","format":"standard","meta":{"footnotes":""},"categories":[1],"tags":[],"class_list":["post-2845","post","type-post","status-publish","format-standard","has-post-thumbnail","hentry","category-inicio"],"_links":{"self":[{"href":"https:\/\/www.lodelmomentoloja.com\/index.php?rest_route=\/wp\/v2\/posts\/2845"}],"collection":[{"href":"https:\/\/www.lodelmomentoloja.com\/index.php?rest_route=\/wp\/v2\/posts"}],"about":[{"href":"https:\/\/www.lodelmomentoloja.com\/index.php?rest_route=\/wp\/v2\/types\/post"}],"author":[{"embeddable":true,"href":"https:\/\/www.lodelmomentoloja.com\/index.php?rest_route=\/wp\/v2\/users\/1"}],"replies":[{"embeddable":true,"href":"https:\/\/www.lodelmomentoloja.com\/index.php?rest_route=%2Fwp%2Fv2%2Fcomments&post=2845"}],"version-history":[{"count":1,"href":"https:\/\/www.lodelmomentoloja.com\/index.php?rest_route=\/wp\/v2\/posts\/2845\/revisions"}],"predecessor-version":[{"id":2847,"href":"https:\/\/www.lodelmomentoloja.com\/index.php?rest_route=\/wp\/v2\/posts\/2845\/revisions\/2847"}],"wp:featuredmedia":[{"embeddable":true,"href":"https:\/\/www.lodelmomentoloja.com\/index.php?rest_route=\/wp\/v2\/media\/2846"}],"wp:attachment":[{"href":"https:\/\/www.lodelmomentoloja.com\/index.php?rest_route=%2Fwp%2Fv2%2Fmedia&parent=2845"}],"wp:term":[{"taxonomy":"category","embeddable":true,"href":"https:\/\/www.lodelmomentoloja.com\/index.php?rest_route=%2Fwp%2Fv2%2Fcategories&post=2845"},{"taxonomy":"post_tag","embeddable":true,"href":"https:\/\/www.lodelmomentoloja.com\/index.php?rest_route=%2Fwp%2Fv2%2Ftags&post=2845"}],"curies":[{"name":"wp","href":"https:\/\/api.w.org\/{rel}","templated":true}]}}