{"id":28448,"date":"2025-10-22T14:38:38","date_gmt":"2025-10-22T14:38:38","guid":{"rendered":"https:\/\/www.lodelmomentoloja.com\/?p=28448"},"modified":"2025-10-22T19:40:24","modified_gmt":"2025-10-22T19:40:24","slug":"sera-que-el-regreso-de-rafael-correa-a-ecuador-esta-cerca","status":"publish","type":"post","link":"https:\/\/www.lodelmomentoloja.com\/?p=28448","title":{"rendered":"\u00bfSer\u00e1 que el regreso de Rafael Correa a Ecuador est\u00e1 cerca?"},"content":{"rendered":"<p class=\"selectable-text copyable-text x15bjb6t x1n2onr6\"><span class=\"x19la9d6 x1fc57z9 x6ikm8r x10wlt62 x19co3pv x11tp94h xfibh0p xiy17q3 x1xsqp64 x1lkfr7t xexx8yu xyri2b x18d9i69 x1c1uobl\"><span class=\"xrtxmta x1bhl96m\"><img loading=\"lazy\" decoding=\"async\" class=\"wp-image-28450 aligncenter\" src=\"http:\/\/www.lodelmomentoloja.com\/wp-content\/uploads\/2025\/10\/nota-viviana-2-300x169.jpg\" alt=\"\" width=\"1070\" height=\"603\" srcset=\"https:\/\/www.lodelmomentoloja.com\/wp-content\/uploads\/2025\/10\/nota-viviana-2-300x169.jpg 300w, https:\/\/www.lodelmomentoloja.com\/wp-content\/uploads\/2025\/10\/nota-viviana-2-1024x576.jpg 1024w, https:\/\/www.lodelmomentoloja.com\/wp-content\/uploads\/2025\/10\/nota-viviana-2-768x432.jpg 768w, https:\/\/www.lodelmomentoloja.com\/wp-content\/uploads\/2025\/10\/nota-viviana-2-640x360.jpg 640w, https:\/\/www.lodelmomentoloja.com\/wp-content\/uploads\/2025\/10\/nota-viviana-2-1536x864.jpg 1536w, https:\/\/www.lodelmomentoloja.com\/wp-content\/uploads\/2025\/10\/nota-viviana-2.jpg 1920w\" sizes=\"(max-width: 1070px) 100vw, 1070px\" \/><\/p>\n<p>\ud83d\udea8<\/span><\/span><span class=\"x19la9d6 x1fc57z9 x6ikm8r x10wlt62 x19co3pv x11tp94h xfibh0p xiy17q3 x1xsqp64 x1lkfr7t xexx8yu xyri2b x18d9i69 x1c1uobl\"><span class=\"xrtxmta x1bhl96m\">\ud83c\uddea\ud83c\udde8<\/span><\/span><span class=\"x19la9d6 x1fc57z9 x6ikm8r x10wlt62 x19co3pv x11tp94h xfibh0p xiy17q3 x1xsqp64 x1lkfr7t xexx8yu xyri2b x18d9i69 x1c1uobl\"><span class=\"xrtxmta x1bhl96m\">\ud83e\uddd0<\/span><\/span><span class=\"selectable-text copyable-text xkrh14z\"> \u00a1Un posible regreso! La presidenta de la RC5, Luisa Gonz\u00e1lez se refiri\u00f3 a los rumores sobre aparente retorno del exmandatario Rafael Correa, se\u00f1al\u00f3 que el caso se est\u00e1 llevando en cortes internacionales, debido a la presunta persecuci\u00f3n pol\u00edtica de la que habr\u00eda sido v\u00edctima Correa \u00bfEst\u00e1 cerca el regreso del expresidente Rafael Correa a Ecuador? <\/span><\/p>\n<p class=\"selectable-text copyable-text x15bjb6t x1n2onr6\">\n<div style=\"width: 640px;\" class=\"wp-video\"><!--[if lt IE 9]><script>document.createElement('video');<\/script><![endif]-->\n<video class=\"wp-video-shortcode\" id=\"video-28448-1\" width=\"640\" height=\"360\" preload=\"metadata\" controls=\"controls\"><source type=\"video\/mp4\" src=\"http:\/\/www.lodelmomentoloja.com\/wp-content\/uploads\/2025\/10\/POSIBLE-REGRESO-DE-RAFAEL-CORREA-REDUCIDO.mp4?_=1\" \/><a href=\"http:\/\/www.lodelmomentoloja.com\/wp-content\/uploads\/2025\/10\/POSIBLE-REGRESO-DE-RAFAEL-CORREA-REDUCIDO.mp4\">http:\/\/www.lodelmomentoloja.com\/wp-content\/uploads\/2025\/10\/POSIBLE-REGRESO-DE-RAFAEL-CORREA-REDUCIDO.mp4<\/a><\/video><\/div>\n<p>Aunque no precis\u00f3 fechas recalc\u00f3 que su regreso ser\u00eda pronto.<\/p>\n<p>La sentencia del caso Sobornos 2012-2016, cuyo dictamen se emiti\u00f3 en el a\u00f1o 2021 conden\u00f3 al expresidente Rafael Correa y al exvicepresidente Jorge Glas, entre otros, por el d3l1t0 de cohecho. Fueron sentenciados a 8 a\u00f1os de prisi\u00f3n, junto con la inhabilitaci\u00f3n para ejercer cargos p\u00fablicos por 25 a\u00f1os. La condena fue ratificada en varias instancias judiciales, incluida la Corte Nacional de Justicia, que en enero de 2024 inadmiti\u00f3 el \u00faltimo recurso de revisi\u00f3n pendiente, dejando firme la sentencia. Adem\u00e1s, la Fiscal\u00eda General del Estado solicit\u00f3 una reparaci\u00f3n integral superior a los USD 1.000 millones y disculpas p\u00fablicas.<\/p>\n<p>Desde el entonces, el exmandatario y su movimiento pol\u00edtico han argumentado que la sentencia ser\u00eda una persecuci\u00f3n pol\u00edtica que se ha mantenido hasta la actualidad.<\/p>\n<p class=\"selectable-text copyable-text x15bjb6t x1n2onr6\"><span class=\"x19la9d6 x1fc57z9 x6ikm8r x10wlt62 x19co3pv x11tp94h xfibh0p xiy17q3 x1xsqp64 x1lkfr7t xexx8yu xyri2b x18d9i69 x1c1uobl\"><span class=\"xrtxmta x1bhl96m\">\ud83c\udf10<\/span><\/span><span class=\"x19la9d6 x1fc57z9 x6ikm8r x10wlt62 x19co3pv x11tp94h xfibh0p xiy17q3 x1xsqp64 x1lkfr7t xexx8yu xyri2b x18d9i69 x1c1uobl\"><span class=\"xrtxmta x1bhl96m\">\u2705<\/span><\/span><span class=\"selectable-text copyable-text xkrh14z\"> S\u00edguenos en nuestra p\u00e1gina verificada: <\/span><span class=\"selectable-text copyable-text xkrh14z\">https:\/\/www.facebook.com\/lodelmomentolojaEC<\/span><\/p>\n<p class=\"selectable-text copyable-text x15bjb6t x1n2onr6\"><span class=\"selectable-text copyable-text xkrh14z\">www.lodelmomentoloja.com<\/span><\/p>\n<p class=\"selectable-text copyable-text x15bjb6t x1n2onr6\"><span class=\"selectable-text copyable-text xkrh14z\">#LDMnoticias #lodelmomentolojaLDM<\/span><\/p>\n","protected":false},"excerpt":{"rendered":"<p>\ud83d\udea8\ud83c\uddea\ud83c\udde8\ud83e\uddd0 \u00a1Un posible regreso! La presidenta de la RC5, Luisa Gonz\u00e1lez se refiri\u00f3 a los&#8230;<\/p>\n","protected":false},"author":1,"featured_media":0,"comment_status":"open","ping_status":"open","sticky":false,"template":"","format":"standard","meta":{"footnotes":""},"categories":[7,1],"tags":[],"class_list":["post-28448","post","type-post","status-publish","format-standard","hentry","category-ecuador","category-inicio"],"_links":{"self":[{"href":"https:\/\/www.lodelmomentoloja.com\/index.php?rest_route=\/wp\/v2\/posts\/28448"}],"collection":[{"href":"https:\/\/www.lodelmomentoloja.com\/index.php?rest_route=\/wp\/v2\/posts"}],"about":[{"href":"https:\/\/www.lodelmomentoloja.com\/index.php?rest_route=\/wp\/v2\/types\/post"}],"author":[{"embeddable":true,"href":"https:\/\/www.lodelmomentoloja.com\/index.php?rest_route=\/wp\/v2\/users\/1"}],"replies":[{"embeddable":true,"href":"https:\/\/www.lodelmomentoloja.com\/index.php?rest_route=%2Fwp%2Fv2%2Fcomments&post=28448"}],"version-history":[{"count":1,"href":"https:\/\/www.lodelmomentoloja.com\/index.php?rest_route=\/wp\/v2\/posts\/28448\/revisions"}],"predecessor-version":[{"id":28451,"href":"https:\/\/www.lodelmomentoloja.com\/index.php?rest_route=\/wp\/v2\/posts\/28448\/revisions\/28451"}],"wp:attachment":[{"href":"https:\/\/www.lodelmomentoloja.com\/index.php?rest_route=%2Fwp%2Fv2%2Fmedia&parent=28448"}],"wp:term":[{"taxonomy":"category","embeddable":true,"href":"https:\/\/www.lodelmomentoloja.com\/index.php?rest_route=%2Fwp%2Fv2%2Fcategories&post=28448"},{"taxonomy":"post_tag","embeddable":true,"href":"https:\/\/www.lodelmomentoloja.com\/index.php?rest_route=%2Fwp%2Fv2%2Ftags&post=28448"}],"curies":[{"name":"wp","href":"https:\/\/api.w.org\/{rel}","templated":true}]}}