{"id":28445,"date":"2025-10-22T12:27:55","date_gmt":"2025-10-22T12:27:55","guid":{"rendered":"https:\/\/www.lodelmomentoloja.com\/?p=28445"},"modified":"2025-10-22T17:28:54","modified_gmt":"2025-10-22T17:28:54","slug":"conaie-anuncia-el-cese-del-paro-nacional","status":"publish","type":"post","link":"https:\/\/www.lodelmomentoloja.com\/?p=28445","title":{"rendered":"CONAIE anuncia el cese del paro nacional."},"content":{"rendered":"<p>\ud83d\ude31\ud83d\udea8\ud83d\udde3\ufe0f\u00a1Lleg\u00f3 a su fin! La Confederaci\u00f3n de Nacionalidades Ind\u00edgenas del Ecuador (Conaie) anunci\u00f3 el cese del paro nacional que convoc\u00f3 el 18 de septiembre en rechazo a la eliminaci\u00f3n del subsidio al di\u00e9sel, ante la advertencia del gobierno de Daniel Noboa que despejar\u00eda las v\u00edas mediante el uso de la fuerza p\u00fablica.<\/p>\n<p>En un mensaje transmitido en las redes sociales del movimiento ind\u00edgena, este 22 de octubre de 2025, el presidente Marlon Vargas, anunci\u00f3 dicha decisi\u00f3n y pidi\u00f3 a las comunidades ind\u00edgenas retirarse a sus territorios. \u201cHemos tomado una decisi\u00f3n dif\u00edcil pero necesaria: el cese del paro, despejar las v\u00edas y replegarnos a nuestros territorios para proteger la vida de nuestra gente. Llamamos a las comunidades a replegarse e instalarse en asambleas permanentes para preparar la campa\u00f1a por el no para la consulta popular y refer\u00e9ndum\u201d.<\/p>\n<p>\ud83c\udf10\u2705 S\u00edguenos en nuestra p\u00e1gina verificada: https:\/\/www.facebook.com\/lodelmomentolojaEC<\/p>\n<p>www.lodelmomentoloja.com<br \/>\n#LDMnoticias #lodelmomentolojaLDM<\/p>\n","protected":false},"excerpt":{"rendered":"<p>\ud83d\ude31\ud83d\udea8\ud83d\udde3\ufe0f\u00a1Lleg\u00f3 a su fin! La Confederaci\u00f3n de Nacionalidades Ind\u00edgenas del Ecuador (Conaie) anunci\u00f3 el cese&#8230;<\/p>\n","protected":false},"author":1,"featured_media":28446,"comment_status":"open","ping_status":"open","sticky":false,"template":"","format":"standard","meta":{"footnotes":""},"categories":[7,1,5],"tags":[],"class_list":["post-28445","post","type-post","status-publish","format-standard","has-post-thumbnail","hentry","category-ecuador","category-inicio","category-loja"],"_links":{"self":[{"href":"https:\/\/www.lodelmomentoloja.com\/index.php?rest_route=\/wp\/v2\/posts\/28445"}],"collection":[{"href":"https:\/\/www.lodelmomentoloja.com\/index.php?rest_route=\/wp\/v2\/posts"}],"about":[{"href":"https:\/\/www.lodelmomentoloja.com\/index.php?rest_route=\/wp\/v2\/types\/post"}],"author":[{"embeddable":true,"href":"https:\/\/www.lodelmomentoloja.com\/index.php?rest_route=\/wp\/v2\/users\/1"}],"replies":[{"embeddable":true,"href":"https:\/\/www.lodelmomentoloja.com\/index.php?rest_route=%2Fwp%2Fv2%2Fcomments&post=28445"}],"version-history":[{"count":1,"href":"https:\/\/www.lodelmomentoloja.com\/index.php?rest_route=\/wp\/v2\/posts\/28445\/revisions"}],"predecessor-version":[{"id":28447,"href":"https:\/\/www.lodelmomentoloja.com\/index.php?rest_route=\/wp\/v2\/posts\/28445\/revisions\/28447"}],"wp:featuredmedia":[{"embeddable":true,"href":"https:\/\/www.lodelmomentoloja.com\/index.php?rest_route=\/wp\/v2\/media\/28446"}],"wp:attachment":[{"href":"https:\/\/www.lodelmomentoloja.com\/index.php?rest_route=%2Fwp%2Fv2%2Fmedia&parent=28445"}],"wp:term":[{"taxonomy":"category","embeddable":true,"href":"https:\/\/www.lodelmomentoloja.com\/index.php?rest_route=%2Fwp%2Fv2%2Fcategories&post=28445"},{"taxonomy":"post_tag","embeddable":true,"href":"https:\/\/www.lodelmomentoloja.com\/index.php?rest_route=%2Fwp%2Fv2%2Ftags&post=28445"}],"curies":[{"name":"wp","href":"https:\/\/api.w.org\/{rel}","templated":true}]}}