{"id":28417,"date":"2025-10-21T13:09:19","date_gmt":"2025-10-21T13:09:19","guid":{"rendered":"https:\/\/www.lodelmomentoloja.com\/?p=28417"},"modified":"2025-10-21T18:10:16","modified_gmt":"2025-10-21T18:10:16","slug":"utpl-y-unesco-firman-convenio-de-cooperacion-para-certificacion-de-productos-amazonicos","status":"publish","type":"post","link":"https:\/\/www.lodelmomentoloja.com\/?p=28417","title":{"rendered":"UTPL Y UNESCO FIRMAN CONVENIO DE COOPERACION PARA CERTIFICACI\u00d3N DE PRODUCTOS AMAZ\u00d3NICOS"},"content":{"rendered":"<p>\ud83e\udd1d\ud83d\udcc4\u2712\ufe0f\u00a1Trabajo coordinado! La Universidad T\u00e9cnica Particular de Loja (UTPL), en alianza con la Oficina de la UNESCO en Quito, present\u00f3 oficialmente la Marca de Certificaci\u00f3n para las Reservas de Bi\u00f3sfera Amaz\u00f3nicas del Ecuador, un hito que consolida a\u00f1os de trabajo colaborativo para fortalecer la identidad territorial, promover la sostenibilidad y respaldar a los emprendimientos que protegen la biodiversidad y la cultura en la Amazon\u00eda ecuatoriana. Durante el evento, se firm\u00f3 un convenio de cooperaci\u00f3n, mediante el cual se oficializa la entrega de informaci\u00f3n obtenida por investigadores de ambas instituciones para el an\u00e1lisis de la encuesta nacional sobre la \u201cPercepci\u00f3n del racismo, la xenofobia y la discriminaci\u00f3n racial hacia las poblaciones afroecuatorianas e ind\u00edgenas en Ecuador\u201d. Esta colaboraci\u00f3n permitir\u00e1 procesar y sistematizar los datos recolectados, aportando evidencia cient\u00edfica que contribuya a la formulaci\u00f3n de pol\u00edticas p\u00fablicas inclusivas y basadas en derechos.<\/p>\n<p>\ud83c\udf10\u2705 S\u00edguenos en nuestra p\u00e1gina verificada: https:\/\/www.facebook.com\/lodelmomentolojaEC<\/p>\n<p>www.lodelmomentoloja.com<br \/>\n#LDMnoticias #lodelmomentolojaLDM<\/p>\n","protected":false},"excerpt":{"rendered":"<p>\ud83e\udd1d\ud83d\udcc4\u2712\ufe0f\u00a1Trabajo coordinado! La Universidad T\u00e9cnica Particular de Loja (UTPL), en alianza con la Oficina de&#8230;<\/p>\n","protected":false},"author":1,"featured_media":28418,"comment_status":"open","ping_status":"open","sticky":false,"template":"","format":"standard","meta":{"footnotes":""},"categories":[7,1,5],"tags":[],"class_list":["post-28417","post","type-post","status-publish","format-standard","has-post-thumbnail","hentry","category-ecuador","category-inicio","category-loja"],"_links":{"self":[{"href":"https:\/\/www.lodelmomentoloja.com\/index.php?rest_route=\/wp\/v2\/posts\/28417"}],"collection":[{"href":"https:\/\/www.lodelmomentoloja.com\/index.php?rest_route=\/wp\/v2\/posts"}],"about":[{"href":"https:\/\/www.lodelmomentoloja.com\/index.php?rest_route=\/wp\/v2\/types\/post"}],"author":[{"embeddable":true,"href":"https:\/\/www.lodelmomentoloja.com\/index.php?rest_route=\/wp\/v2\/users\/1"}],"replies":[{"embeddable":true,"href":"https:\/\/www.lodelmomentoloja.com\/index.php?rest_route=%2Fwp%2Fv2%2Fcomments&post=28417"}],"version-history":[{"count":1,"href":"https:\/\/www.lodelmomentoloja.com\/index.php?rest_route=\/wp\/v2\/posts\/28417\/revisions"}],"predecessor-version":[{"id":28419,"href":"https:\/\/www.lodelmomentoloja.com\/index.php?rest_route=\/wp\/v2\/posts\/28417\/revisions\/28419"}],"wp:featuredmedia":[{"embeddable":true,"href":"https:\/\/www.lodelmomentoloja.com\/index.php?rest_route=\/wp\/v2\/media\/28418"}],"wp:attachment":[{"href":"https:\/\/www.lodelmomentoloja.com\/index.php?rest_route=%2Fwp%2Fv2%2Fmedia&parent=28417"}],"wp:term":[{"taxonomy":"category","embeddable":true,"href":"https:\/\/www.lodelmomentoloja.com\/index.php?rest_route=%2Fwp%2Fv2%2Fcategories&post=28417"},{"taxonomy":"post_tag","embeddable":true,"href":"https:\/\/www.lodelmomentoloja.com\/index.php?rest_route=%2Fwp%2Fv2%2Ftags&post=28417"}],"curies":[{"name":"wp","href":"https:\/\/api.w.org\/{rel}","templated":true}]}}