{"id":28413,"date":"2025-10-21T11:07:38","date_gmt":"2025-10-21T11:07:38","guid":{"rendered":"https:\/\/www.lodelmomentoloja.com\/?p=28413"},"modified":"2025-10-21T16:13:24","modified_gmt":"2025-10-21T16:13:24","slug":"esta-es-la-realidad-que-viven-los-sectores-aledanos-a-la-via-de-integracion-barrial","status":"publish","type":"post","link":"https:\/\/www.lodelmomentoloja.com\/?p=28413","title":{"rendered":"Esta es la realidad que viven los sectores aleda\u00f1os a la v\u00eda de Integraci\u00f3n Barrial."},"content":{"rendered":"<p class=\"selectable-text copyable-text x15bjb6t x1n2onr6\"><span class=\"x19la9d6 x1fc57z9 x6ikm8r x10wlt62 x19co3pv x11tp94h xfibh0p xiy17q3 x1xsqp64 x1lkfr7t xexx8yu xyri2b x18d9i69 x1c1uobl\"><span class=\"xrtxmta x1bhl96m\"><img loading=\"lazy\" decoding=\"async\" class=\"wp-image-28415 aligncenter\" src=\"http:\/\/www.lodelmomentoloja.com\/wp-content\/uploads\/2025\/10\/NOTA-VIDEO-1-6-300x169.jpg\" alt=\"\" width=\"1092\" height=\"615\" srcset=\"https:\/\/www.lodelmomentoloja.com\/wp-content\/uploads\/2025\/10\/NOTA-VIDEO-1-6-300x169.jpg 300w, https:\/\/www.lodelmomentoloja.com\/wp-content\/uploads\/2025\/10\/NOTA-VIDEO-1-6-1024x576.jpg 1024w, https:\/\/www.lodelmomentoloja.com\/wp-content\/uploads\/2025\/10\/NOTA-VIDEO-1-6-768x432.jpg 768w, https:\/\/www.lodelmomentoloja.com\/wp-content\/uploads\/2025\/10\/NOTA-VIDEO-1-6-640x360.jpg 640w, https:\/\/www.lodelmomentoloja.com\/wp-content\/uploads\/2025\/10\/NOTA-VIDEO-1-6-1536x864.jpg 1536w, https:\/\/www.lodelmomentoloja.com\/wp-content\/uploads\/2025\/10\/NOTA-VIDEO-1-6.jpg 1920w\" sizes=\"(max-width: 1092px) 100vw, 1092px\" \/><br \/>\n\ud83d\udea8<\/span><\/span><span class=\"x19la9d6 x1fc57z9 x6ikm8r x10wlt62 x19co3pv x11tp94h xfibh0p xiy17q3 x1xsqp64 x1lkfr7t xexx8yu xyri2b x18d9i69 x1c1uobl\"><span class=\"xrtxmta x1bhl96m\">\ud83d\udea7<\/span><\/span><span class=\"x19la9d6 x1fc57z9 x6ikm8r x10wlt62 x19co3pv x11tp94h xfibh0p xiy17q3 x1xsqp64 x1lkfr7t xexx8yu xyri2b x18d9i69 x1c1uobl\"><span class=\"xrtxmta x1bhl96m\">\ud83d\ude31<\/span><\/span><span class=\"selectable-text copyable-text xkrh14z\"> \u00a1Caos total! Para los lojanos, transitar por la v\u00eda de Integraci\u00f3n Barrial se ha convertido en un verdadero caos; alcantarillas colapsadas, calles como rampa de carreras y viviendas al borde del derrumbe, es lo que vive en esta de la ciudad. Esta es la realidad que viven la ciudadan\u00eda lojana. <\/span><\/p>\n<div style=\"width: 640px;\" class=\"wp-video\"><!--[if lt IE 9]><script>document.createElement('video');<\/script><![endif]-->\n<video class=\"wp-video-shortcode\" id=\"video-28413-1\" width=\"640\" height=\"360\" preload=\"metadata\" controls=\"controls\"><source type=\"video\/mp4\" src=\"http:\/\/www.lodelmomentoloja.com\/wp-content\/uploads\/2025\/10\/DA_OS-EN-LA-V_A-DE-INTEGRACI_N-BARRIAL-REDUCIDO.mp4?_=1\" \/><a href=\"http:\/\/www.lodelmomentoloja.com\/wp-content\/uploads\/2025\/10\/DA_OS-EN-LA-V_A-DE-INTEGRACI_N-BARRIAL-REDUCIDO.mp4\">http:\/\/www.lodelmomentoloja.com\/wp-content\/uploads\/2025\/10\/DA_OS-EN-LA-V_A-DE-INTEGRACI_N-BARRIAL-REDUCIDO.mp4<\/a><\/video><\/div>\n<p>Los moradores molestos por la falta de atenci\u00f3n de la v\u00eda de integraci\u00f3n barrial, pese que ha habido determinadas intervenciones, no es suficiente para solucionar el problema, tienen una calzada casi inclinada, dificultando el tr\u00e1nsito vehicular, incrementando las posibilidades sobre 4cc1d3nt3s de tr\u00e1nsito. A ello se suma la falta de un sistema de alcantarillado, lo que provoca que las agua no tengan d\u00f3nde correr, desfogando en plena carretera y armando hasta especies de lagunas.<\/p>\n<p>A pocos metros de Puerto Seco, los da\u00f1os son a\u00fan m\u00e1s evidentes. Negocios, viviendas y dem\u00e1s presentan grietas estructurales, mientras la filtraci\u00f3n de agua avanza sin control. Da\u00f1os que han dejado m\u00e1s de una propiedad a la deriva.<\/p>\n<p>La preocupaci\u00f3n de la ciudadan\u00eda es notoria y recalcan que, pese a las solicitudes realizadas al GAD Municipal del cant\u00f3n, poco o nada se ha hecho para dar soluci\u00f3n a dicha problem\u00e1tica. Situaci\u00f3n Similar al Ministerio de Infraestructura y Transporte que parece ajeno a la obra ejecutada por dicha cartera de Estado.<\/p>\n<p>Una realidad que llena de indignaci\u00f3n a la ciudadan\u00eda lojana que d\u00eda a d\u00eda, vive las consecuencias producto del abandono de las administraciones de turno, recibiendo promesas que, hasta la fecha, han quedado solo en palabras.<\/p>\n<p class=\"selectable-text copyable-text x15bjb6t x1n2onr6\"><span class=\"x19la9d6 x1fc57z9 x6ikm8r x10wlt62 x19co3pv x11tp94h xfibh0p xiy17q3 x1xsqp64 x1lkfr7t xexx8yu xyri2b x18d9i69 x1c1uobl\"><span class=\"xrtxmta x1bhl96m\">\ud83c\udf10<\/span><\/span><span class=\"x19la9d6 x1fc57z9 x6ikm8r x10wlt62 x19co3pv x11tp94h xfibh0p xiy17q3 x1xsqp64 x1lkfr7t xexx8yu xyri2b x18d9i69 x1c1uobl\"><span class=\"xrtxmta x1bhl96m\">\u2705<\/span><\/span><span class=\"selectable-text copyable-text xkrh14z\"> S\u00edguenos en nuestra p\u00e1gina verificada: <\/span><span class=\"selectable-text copyable-text xkrh14z\">https:\/\/www.facebook.com\/lodelmomentolojaEC<\/span><\/p>\n<p class=\"selectable-text copyable-text x15bjb6t x1n2onr6\"><span class=\"selectable-text copyable-text xkrh14z\">www.lodelmomentoloja.com<\/span><\/p>\n<p class=\"selectable-text copyable-text x15bjb6t x1n2onr6\"><span class=\"selectable-text copyable-text xkrh14z\">#LDMnoticias #lodelmomentolojaLDM<\/span><\/p>\n","protected":false},"excerpt":{"rendered":"<p>\ud83d\udea8\ud83d\udea7\ud83d\ude31 \u00a1Caos total! Para los lojanos, transitar por la v\u00eda de Integraci\u00f3n Barrial se ha&#8230;<\/p>\n","protected":false},"author":1,"featured_media":0,"comment_status":"open","ping_status":"open","sticky":false,"template":"","format":"standard","meta":{"footnotes":""},"categories":[7,1,5],"tags":[],"class_list":["post-28413","post","type-post","status-publish","format-standard","hentry","category-ecuador","category-inicio","category-loja"],"_links":{"self":[{"href":"https:\/\/www.lodelmomentoloja.com\/index.php?rest_route=\/wp\/v2\/posts\/28413"}],"collection":[{"href":"https:\/\/www.lodelmomentoloja.com\/index.php?rest_route=\/wp\/v2\/posts"}],"about":[{"href":"https:\/\/www.lodelmomentoloja.com\/index.php?rest_route=\/wp\/v2\/types\/post"}],"author":[{"embeddable":true,"href":"https:\/\/www.lodelmomentoloja.com\/index.php?rest_route=\/wp\/v2\/users\/1"}],"replies":[{"embeddable":true,"href":"https:\/\/www.lodelmomentoloja.com\/index.php?rest_route=%2Fwp%2Fv2%2Fcomments&post=28413"}],"version-history":[{"count":1,"href":"https:\/\/www.lodelmomentoloja.com\/index.php?rest_route=\/wp\/v2\/posts\/28413\/revisions"}],"predecessor-version":[{"id":28416,"href":"https:\/\/www.lodelmomentoloja.com\/index.php?rest_route=\/wp\/v2\/posts\/28413\/revisions\/28416"}],"wp:attachment":[{"href":"https:\/\/www.lodelmomentoloja.com\/index.php?rest_route=%2Fwp%2Fv2%2Fmedia&parent=28413"}],"wp:term":[{"taxonomy":"category","embeddable":true,"href":"https:\/\/www.lodelmomentoloja.com\/index.php?rest_route=%2Fwp%2Fv2%2Fcategories&post=28413"},{"taxonomy":"post_tag","embeddable":true,"href":"https:\/\/www.lodelmomentoloja.com\/index.php?rest_route=%2Fwp%2Fv2%2Ftags&post=28413"}],"curies":[{"name":"wp","href":"https:\/\/api.w.org\/{rel}","templated":true}]}}