{"id":28395,"date":"2025-10-20T17:26:11","date_gmt":"2025-10-20T17:26:11","guid":{"rendered":"https:\/\/www.lodelmomentoloja.com\/?p=28395"},"modified":"2025-10-20T22:28:42","modified_gmt":"2025-10-20T22:28:42","slug":"la-cantante-lojana-conto-su-verdad-sobre-su-polemica-salida-del-grupo-tierra-canela","status":"publish","type":"post","link":"https:\/\/www.lodelmomentoloja.com\/?p=28395","title":{"rendered":"La cantante lojana cont\u00f3 su verdad sobre su pol\u00e9mica salida del grupo \u201cTierra Canela\u201d."},"content":{"rendered":"<p class=\"selectable-text copyable-text x15bjb6t x1n2onr6\"><span class=\"x19la9d6 x1fc57z9 x6ikm8r x10wlt62 x19co3pv x11tp94h xfibh0p xiy17q3 x1xsqp64 x1lkfr7t xexx8yu xyri2b x18d9i69 x1c1uobl\"><span class=\"xrtxmta x1bhl96m\"><img loading=\"lazy\" decoding=\"async\" class=\"wp-image-28397 aligncenter\" src=\"http:\/\/www.lodelmomentoloja.com\/wp-content\/uploads\/2025\/10\/NOTA-VIDEO-2-VIVI-1-300x169.jpg\" alt=\"\" width=\"1099\" height=\"619\" srcset=\"https:\/\/www.lodelmomentoloja.com\/wp-content\/uploads\/2025\/10\/NOTA-VIDEO-2-VIVI-1-300x169.jpg 300w, https:\/\/www.lodelmomentoloja.com\/wp-content\/uploads\/2025\/10\/NOTA-VIDEO-2-VIVI-1-1024x576.jpg 1024w, https:\/\/www.lodelmomentoloja.com\/wp-content\/uploads\/2025\/10\/NOTA-VIDEO-2-VIVI-1-768x432.jpg 768w, https:\/\/www.lodelmomentoloja.com\/wp-content\/uploads\/2025\/10\/NOTA-VIDEO-2-VIVI-1-640x360.jpg 640w, https:\/\/www.lodelmomentoloja.com\/wp-content\/uploads\/2025\/10\/NOTA-VIDEO-2-VIVI-1-1536x864.jpg 1536w, https:\/\/www.lodelmomentoloja.com\/wp-content\/uploads\/2025\/10\/NOTA-VIDEO-2-VIVI-1.jpg 1920w\" sizes=\"(max-width: 1099px) 100vw, 1099px\" \/><\/p>\n<p>\ud83d\ude31<\/span><\/span><span class=\"x19la9d6 x1fc57z9 x6ikm8r x10wlt62 x19co3pv x11tp94h xfibh0p xiy17q3 x1xsqp64 x1lkfr7t xexx8yu xyri2b x18d9i69 x1c1uobl\"><span class=\"xrtxmta x1bhl96m\">\ud83d\udc83\ud83c\udffb<\/span><\/span><span class=\"x19la9d6 x1fc57z9 x6ikm8r x10wlt62 x19co3pv x11tp94h xfibh0p xiy17q3 x1xsqp64 x1lkfr7t xexx8yu xyri2b x18d9i69 x1c1uobl\"><span class=\"xrtxmta x1bhl96m\">\ud83d\udde3\ufe0f<\/span><\/span><span class=\"selectable-text copyable-text xkrh14z\"> \u00a1No dur\u00f3 ni 100 d\u00edas! La salida de Alizon Romina Guerrero de la popular agrupaci\u00f3n ecuatoriana Tierra Canela dej\u00f3 mucha tela que cortar. Aunque el grupo intent\u00f3 justificar la desvinculaci\u00f3n de la cantante lojana mediante un comunicado, alegando \u201cincumplimiento de los est\u00e1ndares art\u00edsticos, disciplinarios y de comportamientos\u201d, las declaraciones posteriores de Guerrero encendieron las redes sociales.<\/span><\/p>\n<div style=\"width: 640px;\" class=\"wp-video\"><!--[if lt IE 9]><script>document.createElement('video');<\/script><![endif]-->\n<video class=\"wp-video-shortcode\" id=\"video-28395-1\" width=\"640\" height=\"360\" preload=\"metadata\" controls=\"controls\"><source type=\"video\/mp4\" src=\"http:\/\/www.lodelmomentoloja.com\/wp-content\/uploads\/2025\/10\/ALIZON-ROMINA-GUERRERO-REDUCIDO.mp4?_=1\" \/><a href=\"http:\/\/www.lodelmomentoloja.com\/wp-content\/uploads\/2025\/10\/ALIZON-ROMINA-GUERRERO-REDUCIDO.mp4\">http:\/\/www.lodelmomentoloja.com\/wp-content\/uploads\/2025\/10\/ALIZON-ROMINA-GUERRERO-REDUCIDO.mp4<\/a><\/video><\/div>\n<p>En una transmisi\u00f3n en vivo, la artista lojana rompi\u00f3 el silencio y cont\u00f3 su versi\u00f3n de los hechos, dejando al descubierto presuntas anomal\u00edas dentro de la agrupaci\u00f3n. Acusaciones que ratific\u00f3 en una entrevista posterior.<\/p>\n<p>La exintegrante de Tierra Canela dijo que habr\u00eda sido criticada constantemente por su apariencia f\u00edsica, as\u00ed como discrepancias con sus compa\u00f1eras y aparentes actos de d1scr1m1n4c1\u00f3n siendo v\u00edctima hasta de burlas por su forma de hablar.<\/p>\n<p>Incluso, habl\u00f3 sobre sanciones econ\u00f3micas que recibir\u00edan a la interna de la agrupaci\u00f3n, adem\u00e1s de los requisitos que deber\u00edan cumplir.<\/p>\n<p>Pero su salida, le dej\u00f3 su sabor agridulce, puesto que, la artista mencion\u00f3 que su despido de la agrupaci\u00f3n en la que permaneci\u00f3 poco m\u00e1s de dos meses, fue a trav\u00e9s de una llamada telef\u00f3nica.<\/p>\n<p>Finalmente, LDM se puso en contacto con Alizon Guerrero para conocer detalles sobre la pol\u00e9mica, sin embargo, expres\u00f3 que no dar\u00e1 declaraciones ya que se encuentra en un proceso legal.<\/p>\n<p class=\"selectable-text copyable-text x15bjb6t x1n2onr6\"><span class=\"x19la9d6 x1fc57z9 x6ikm8r x10wlt62 x19co3pv x11tp94h xfibh0p xiy17q3 x1xsqp64 x1lkfr7t xexx8yu xyri2b x18d9i69 x1c1uobl\"><span class=\"xrtxmta x1bhl96m\">\ud83c\udf10<\/span><\/span><span class=\"x19la9d6 x1fc57z9 x6ikm8r x10wlt62 x19co3pv x11tp94h xfibh0p xiy17q3 x1xsqp64 x1lkfr7t xexx8yu xyri2b x18d9i69 x1c1uobl\"><span class=\"xrtxmta x1bhl96m\">\u2705<\/span><\/span><span class=\"selectable-text copyable-text xkrh14z\"> S\u00edguenos en nuestra p\u00e1gina verificada: <\/span><span class=\"selectable-text copyable-text xkrh14z\">https:\/\/www.facebook.com\/lodelmomentolojaEC<\/span><\/p>\n<p class=\"selectable-text copyable-text x15bjb6t x1n2onr6\"><span class=\"selectable-text copyable-text xkrh14z\">www.lodelmomentoloja.com<\/span><\/p>\n<p class=\"selectable-text copyable-text x15bjb6t x1n2onr6\"><span class=\"selectable-text copyable-text xkrh14z\">#LDMnoticias #lodelmomentolojaLDM<\/span><\/p>\n","protected":false},"excerpt":{"rendered":"<p>\ud83d\ude31\ud83d\udc83\ud83c\udffb\ud83d\udde3\ufe0f \u00a1No dur\u00f3 ni 100 d\u00edas! La salida de Alizon Romina Guerrero de la popular&#8230;<\/p>\n","protected":false},"author":1,"featured_media":0,"comment_status":"open","ping_status":"open","sticky":false,"template":"","format":"standard","meta":{"footnotes":""},"categories":[7,1,5],"tags":[],"class_list":["post-28395","post","type-post","status-publish","format-standard","hentry","category-ecuador","category-inicio","category-loja"],"_links":{"self":[{"href":"https:\/\/www.lodelmomentoloja.com\/index.php?rest_route=\/wp\/v2\/posts\/28395"}],"collection":[{"href":"https:\/\/www.lodelmomentoloja.com\/index.php?rest_route=\/wp\/v2\/posts"}],"about":[{"href":"https:\/\/www.lodelmomentoloja.com\/index.php?rest_route=\/wp\/v2\/types\/post"}],"author":[{"embeddable":true,"href":"https:\/\/www.lodelmomentoloja.com\/index.php?rest_route=\/wp\/v2\/users\/1"}],"replies":[{"embeddable":true,"href":"https:\/\/www.lodelmomentoloja.com\/index.php?rest_route=%2Fwp%2Fv2%2Fcomments&post=28395"}],"version-history":[{"count":1,"href":"https:\/\/www.lodelmomentoloja.com\/index.php?rest_route=\/wp\/v2\/posts\/28395\/revisions"}],"predecessor-version":[{"id":28398,"href":"https:\/\/www.lodelmomentoloja.com\/index.php?rest_route=\/wp\/v2\/posts\/28395\/revisions\/28398"}],"wp:attachment":[{"href":"https:\/\/www.lodelmomentoloja.com\/index.php?rest_route=%2Fwp%2Fv2%2Fmedia&parent=28395"}],"wp:term":[{"taxonomy":"category","embeddable":true,"href":"https:\/\/www.lodelmomentoloja.com\/index.php?rest_route=%2Fwp%2Fv2%2Fcategories&post=28395"},{"taxonomy":"post_tag","embeddable":true,"href":"https:\/\/www.lodelmomentoloja.com\/index.php?rest_route=%2Fwp%2Fv2%2Ftags&post=28395"}],"curies":[{"name":"wp","href":"https:\/\/api.w.org\/{rel}","templated":true}]}}