{"id":28391,"date":"2025-10-20T15:42:42","date_gmt":"2025-10-20T15:42:42","guid":{"rendered":"https:\/\/www.lodelmomentoloja.com\/?p=28391"},"modified":"2025-10-20T20:45:06","modified_gmt":"2025-10-20T20:45:06","slug":"entrega-de-baston-de-la-vice-prefecta-de-loja-genera-malestar-en-redes-sociales","status":"publish","type":"post","link":"https:\/\/www.lodelmomentoloja.com\/?p=28391","title":{"rendered":"Entrega de bast\u00f3n de la vice prefecta de Loja genera malestar en redes sociales"},"content":{"rendered":"<p class=\"selectable-text copyable-text x15bjb6t x1n2onr6\"><span class=\"x19la9d6 x1fc57z9 x6ikm8r x10wlt62 x19co3pv x11tp94h xfibh0p xiy17q3 x1xsqp64 x1lkfr7t xexx8yu xyri2b x18d9i69 x1c1uobl\"><span class=\"xrtxmta x1bhl96m\"><img loading=\"lazy\" decoding=\"async\" class=\"wp-image-28393 aligncenter\" src=\"http:\/\/www.lodelmomentoloja.com\/wp-content\/uploads\/2025\/10\/NOTA-VIDEO-2-3-300x169.jpg\" alt=\"\" width=\"1062\" height=\"598\" srcset=\"https:\/\/www.lodelmomentoloja.com\/wp-content\/uploads\/2025\/10\/NOTA-VIDEO-2-3-300x169.jpg 300w, https:\/\/www.lodelmomentoloja.com\/wp-content\/uploads\/2025\/10\/NOTA-VIDEO-2-3-1024x576.jpg 1024w, https:\/\/www.lodelmomentoloja.com\/wp-content\/uploads\/2025\/10\/NOTA-VIDEO-2-3-768x432.jpg 768w, https:\/\/www.lodelmomentoloja.com\/wp-content\/uploads\/2025\/10\/NOTA-VIDEO-2-3-640x360.jpg 640w, https:\/\/www.lodelmomentoloja.com\/wp-content\/uploads\/2025\/10\/NOTA-VIDEO-2-3-1536x864.jpg 1536w, https:\/\/www.lodelmomentoloja.com\/wp-content\/uploads\/2025\/10\/NOTA-VIDEO-2-3.jpg 1920w\" sizes=\"(max-width: 1062px) 100vw, 1062px\" \/><\/p>\n<p>\ud83e\udd33\ud83c\udffb<\/span><\/span><span class=\"x19la9d6 x1fc57z9 x6ikm8r x10wlt62 x19co3pv x11tp94h xfibh0p xiy17q3 x1xsqp64 x1lkfr7t xexx8yu xyri2b x18d9i69 x1c1uobl\"><span class=\"xrtxmta x1bhl96m\">\ud83d\udc74\ud83c\udffb<\/span><\/span><span class=\"x19la9d6 x1fc57z9 x6ikm8r x10wlt62 x19co3pv x11tp94h xfibh0p xiy17q3 x1xsqp64 x1lkfr7t xexx8yu xyri2b x18d9i69 x1c1uobl\"><span class=\"xrtxmta x1bhl96m\">\ud83d\ude0e<\/span><\/span><span class=\"selectable-text copyable-text xkrh14z\"> \u00a1Todo para \u2018figuretear\u2019! La entrega de un bast\u00f3n a un adulto mayor en situaci\u00f3n de vulnerabilidad en el barrio Menfis por parte de la vice prefecta de Loja, Mar\u00eda Jos\u00e9 Sotomayor caus\u00f3 revuelo en rede sociales. Internautas criticaron a la autoridad provincial por el llamado \u2018figureteo\u2019 del que busca elevar su imagen a costa de las necesidades que le afecta a la ciudadan\u00eda. Sin embargo, la Sotomayor tambi\u00e9n respondi\u00f3 a la pol\u00e9mica.<\/span><\/p>\n<div style=\"width: 640px;\" class=\"wp-video\"><!--[if lt IE 9]><script>document.createElement('video');<\/script><![endif]-->\n<video class=\"wp-video-shortcode\" id=\"video-28391-1\" width=\"640\" height=\"360\" preload=\"metadata\" controls=\"controls\"><source type=\"video\/mp4\" src=\"http:\/\/www.lodelmomentoloja.com\/wp-content\/uploads\/2025\/10\/VICEPREFECTA-MAJO-SOTOMAYOR-REDUCIDO.mp4?_=1\" \/><a href=\"http:\/\/www.lodelmomentoloja.com\/wp-content\/uploads\/2025\/10\/VICEPREFECTA-MAJO-SOTOMAYOR-REDUCIDO.mp4\">http:\/\/www.lodelmomentoloja.com\/wp-content\/uploads\/2025\/10\/VICEPREFECTA-MAJO-SOTOMAYOR-REDUCIDO.mp4<\/a><\/video><\/div>\n<p class=\"selectable-text copyable-text x15bjb6t x1n2onr6\">\n<p>Para esta entrega, Sotomayor lleg\u00f3 al sector acompa\u00f1ada de un equipo de c\u00e1maras y personal de producci\u00f3n para documentar un beneficio otorgado a trav\u00e9s del proyecto Ayudas T\u00e9cnicas.<\/p>\n<p>En redes sociales, internautas criticaron a la autoridad provincial por el llamado figureteo del que busca elevar su imagen a costa de las necesidades que le afecta a la ciudadan\u00eda, sobre todo en el campo donde se desenvuelve la Viceprefectura.<\/p>\n<p>Pero las cr\u00edticas escalaron al punto de hacer que la vice prefecta haya confesado que los bastones entregados ni siquiera fueron adquiridos por la instituci\u00f3n, sino que fueron prestado, algo que ya caus\u00f3 m\u00e1s molestia.<\/p>\n<p>Esta pol\u00e9mica que pone en tela de juicio la gesti\u00f3n que realizan las autoridades de la provincia de Loja, sobre todo, por el salario que perciben, en el caso de la vice prefecta, Mar\u00eda Jos\u00e9 Sotomayor, oscila los USD 4.400 aproximadamente, mientras que el de Mario M4nc1no supera los USD 5.500 \u00bfSer\u00e1 que la remuneraci\u00f3n justifica la gesti\u00f3n? Es lo que muchos ciudadanos se preguntan.<\/p>\n<p>Recordemos que, en la administraci\u00f3n anterior en el 2020, desde la vice prefectura se entregaron pollos en pie con un pa\u00f1uelo que representaba al Gobierno Provincial, unos pa\u00f1uelos m\u00e1s caros que las mismas aves.<\/p>\n<p>Ayudas T\u00e9cnicas que dejan m\u00e1s dudas que respuestas sobre el destino que toman los recursos de los lojanos, mientras la ciudadan\u00eda sigue a la espera de soluciones que entiendan los puntos m\u00e1s emergentes de la provincia.<\/p>\n<p class=\"selectable-text copyable-text x15bjb6t x1n2onr6\"><span class=\"x19la9d6 x1fc57z9 x6ikm8r x10wlt62 x19co3pv x11tp94h xfibh0p xiy17q3 x1xsqp64 x1lkfr7t xexx8yu xyri2b x18d9i69 x1c1uobl\"><span class=\"xrtxmta x1bhl96m\">\ud83c\udf10<\/span><\/span><span class=\"x19la9d6 x1fc57z9 x6ikm8r x10wlt62 x19co3pv x11tp94h xfibh0p xiy17q3 x1xsqp64 x1lkfr7t xexx8yu xyri2b x18d9i69 x1c1uobl\"><span class=\"xrtxmta x1bhl96m\">\u2705<\/span><\/span><span class=\"selectable-text copyable-text xkrh14z\"> S\u00edguenos en nuestra p\u00e1gina verificada: <\/span><span class=\"selectable-text copyable-text xkrh14z\">https:\/\/www.facebook.com\/lodelmomentolojaEC<\/span><\/p>\n<p class=\"selectable-text copyable-text x15bjb6t x1n2onr6\"><span class=\"selectable-text copyable-text xkrh14z\">www.lodelmomentoloja.com<\/span><\/p>\n<p class=\"selectable-text copyable-text x15bjb6t x1n2onr6\"><span class=\"selectable-text copyable-text xkrh14z\">#LDMnoticias #lodelmomentolojaLDM<\/span><\/p>\n","protected":false},"excerpt":{"rendered":"<p>\ud83e\udd33\ud83c\udffb\ud83d\udc74\ud83c\udffb\ud83d\ude0e \u00a1Todo para \u2018figuretear\u2019! La entrega de un bast\u00f3n a un adulto mayor en situaci\u00f3n&#8230;<\/p>\n","protected":false},"author":1,"featured_media":0,"comment_status":"open","ping_status":"open","sticky":false,"template":"","format":"standard","meta":{"footnotes":""},"categories":[7,1,5],"tags":[],"class_list":["post-28391","post","type-post","status-publish","format-standard","hentry","category-ecuador","category-inicio","category-loja"],"_links":{"self":[{"href":"https:\/\/www.lodelmomentoloja.com\/index.php?rest_route=\/wp\/v2\/posts\/28391"}],"collection":[{"href":"https:\/\/www.lodelmomentoloja.com\/index.php?rest_route=\/wp\/v2\/posts"}],"about":[{"href":"https:\/\/www.lodelmomentoloja.com\/index.php?rest_route=\/wp\/v2\/types\/post"}],"author":[{"embeddable":true,"href":"https:\/\/www.lodelmomentoloja.com\/index.php?rest_route=\/wp\/v2\/users\/1"}],"replies":[{"embeddable":true,"href":"https:\/\/www.lodelmomentoloja.com\/index.php?rest_route=%2Fwp%2Fv2%2Fcomments&post=28391"}],"version-history":[{"count":1,"href":"https:\/\/www.lodelmomentoloja.com\/index.php?rest_route=\/wp\/v2\/posts\/28391\/revisions"}],"predecessor-version":[{"id":28394,"href":"https:\/\/www.lodelmomentoloja.com\/index.php?rest_route=\/wp\/v2\/posts\/28391\/revisions\/28394"}],"wp:attachment":[{"href":"https:\/\/www.lodelmomentoloja.com\/index.php?rest_route=%2Fwp%2Fv2%2Fmedia&parent=28391"}],"wp:term":[{"taxonomy":"category","embeddable":true,"href":"https:\/\/www.lodelmomentoloja.com\/index.php?rest_route=%2Fwp%2Fv2%2Fcategories&post=28391"},{"taxonomy":"post_tag","embeddable":true,"href":"https:\/\/www.lodelmomentoloja.com\/index.php?rest_route=%2Fwp%2Fv2%2Ftags&post=28391"}],"curies":[{"name":"wp","href":"https:\/\/api.w.org\/{rel}","templated":true}]}}