{"id":28336,"date":"2025-10-16T12:12:27","date_gmt":"2025-10-16T12:12:27","guid":{"rendered":"https:\/\/www.lodelmomentoloja.com\/?p=28336"},"modified":"2025-10-16T17:25:14","modified_gmt":"2025-10-16T17:25:14","slug":"pese-al-anuncio-del-fin-del-paro-nacional-otros-grupos-desconocen-dicha-decision","status":"publish","type":"post","link":"https:\/\/www.lodelmomentoloja.com\/?p=28336","title":{"rendered":"Pese al anuncio del fin del Paro Nacional otros grupos desconocen dicha decisi\u00f3n."},"content":{"rendered":"<p><img loading=\"lazy\" decoding=\"async\" class=\"wp-image-28338 aligncenter\" src=\"http:\/\/www.lodelmomentoloja.com\/wp-content\/uploads\/2025\/10\/NOTICIA-VIDEO-LDM-3-300x169.jpg\" alt=\"\" width=\"1072\" height=\"604\" srcset=\"https:\/\/www.lodelmomentoloja.com\/wp-content\/uploads\/2025\/10\/NOTICIA-VIDEO-LDM-3-300x169.jpg 300w, https:\/\/www.lodelmomentoloja.com\/wp-content\/uploads\/2025\/10\/NOTICIA-VIDEO-LDM-3-1024x576.jpg 1024w, https:\/\/www.lodelmomentoloja.com\/wp-content\/uploads\/2025\/10\/NOTICIA-VIDEO-LDM-3-768x432.jpg 768w, https:\/\/www.lodelmomentoloja.com\/wp-content\/uploads\/2025\/10\/NOTICIA-VIDEO-LDM-3-640x360.jpg 640w, https:\/\/www.lodelmomentoloja.com\/wp-content\/uploads\/2025\/10\/NOTICIA-VIDEO-LDM-3-1536x864.jpg 1536w, https:\/\/www.lodelmomentoloja.com\/wp-content\/uploads\/2025\/10\/NOTICIA-VIDEO-LDM-3.jpg 1920w\" sizes=\"(max-width: 1072px) 100vw, 1072px\" \/><\/p>\n<p>\ud83e\udd1d\ud83d\ude31\ud83d\udde3\ufe0f \u00a1Opiniones divididas! Pese a que el ministro del Interior, John Reimberg anunciaba que el paro nacional llegaba a su fin, tras la culminaci\u00f3n de las mesas de di\u00e1logo con dirigentes ind\u00edgenas en Otavalo, provincia de Imbabura, la realidad parece ser distinta, ya que, algunos dirigentes dicen que las protestas continuar\u00e1n.<\/p>\n<div style=\"width: 640px;\" class=\"wp-video\"><!--[if lt IE 9]><script>document.createElement('video');<\/script><![endif]-->\n<video class=\"wp-video-shortcode\" id=\"video-28336-1\" width=\"640\" height=\"360\" preload=\"metadata\" controls=\"controls\"><source type=\"video\/mp4\" src=\"http:\/\/www.lodelmomentoloja.com\/wp-content\/uploads\/2025\/10\/FIN-DEL-PARO-NACIONAL-REDUCIDO.mp4?_=1\" \/><a href=\"http:\/\/www.lodelmomentoloja.com\/wp-content\/uploads\/2025\/10\/FIN-DEL-PARO-NACIONAL-REDUCIDO.mp4\">http:\/\/www.lodelmomentoloja.com\/wp-content\/uploads\/2025\/10\/FIN-DEL-PARO-NACIONAL-REDUCIDO.mp4<\/a><\/video><\/div>\n<p>Por un lado, el Gobierno dijo que instalar\u00e1n mesas t\u00e9cnicas territoriales en conjunto con las comunidades ind\u00edgenas, mientras que los dirigentes, apuntaron que regresar\u00e1n a sus comunidades y se declararon en asambleas permanentes a la espera de respuestas del Estado.<\/p>\n<p>Adem\u00e1s, el pueblo Kichwa Otavalo inform\u00f3 sobre la liberaci\u00f3n de los manifestantes detenidos durante los enfrentamientos del 14 de octubre.<\/p>\n<p>Un acuerdo que se llev\u00f3 a cabo entre la Federaci\u00f3n de los Pueblos Kichwa de la Sierra Norte del Ecuador (FICI), la Uni\u00f3n de Organizaciones Campesinas Ind\u00edgenas de Cotacachi (Unorcac), miembros de la Iglesia Cat\u00f3lica y el Gobierno Nacional para terminar las movilizaciones y abrir las v\u00edas. Sin embargo y, pese a los acuerdos anunciados, otro grupo de pobladores ind\u00edgenas desconoci\u00f3 el trato, asegurando que las protestas continuar\u00e1n.<\/p>\n<p>Algunos comuneros tambi\u00e9n exigieron la transparencia de sus representantes sobre los di\u00e1logos con el Gobierno.<\/p>\n<p>As\u00ed mismo, la tarde y noche del mi\u00e9rcoles se registraron protestas y enfrentamientos con la fuerza p\u00fablica en los exteriores de la Universidad Central, en Quito. Otra marcha recorri\u00f3 la Panamericana Norte, a la altura del centro comercial El Portal.<\/p>\n<p>Incluso, con corte a las 06H00 de este 16 de octubre el ECU 911 report\u00f3 que algunos tramos en la provincia de Imbabura, Pichincha y Carchi se manten\u00edan cerrados en el contexto de las movilizaciones.<\/p>\n<p>Pero tambi\u00e9n hay quienes apoyan los acuerdos para que el paro llegue a su fin desconociendo las decisiones adoptadas por algunos l\u00edderes ind\u00edgenas.<\/p>\n<p>\ud83c\udf10\u2705 S\u00edguenos en nuestra p\u00e1gina verificada: https:\/\/www.facebook.com\/lodelmomentolojaEC<\/p>\n<p>www.lodelmomentoloja.com<br \/>\n#LDMnoticias #lodelmomentolojaLDM<\/p>\n","protected":false},"excerpt":{"rendered":"<p>\ud83e\udd1d\ud83d\ude31\ud83d\udde3\ufe0f \u00a1Opiniones divididas! Pese a que el ministro del Interior, John Reimberg anunciaba que el&#8230;<\/p>\n","protected":false},"author":1,"featured_media":0,"comment_status":"open","ping_status":"open","sticky":false,"template":"","format":"standard","meta":{"footnotes":""},"categories":[7,1],"tags":[],"class_list":["post-28336","post","type-post","status-publish","format-standard","hentry","category-ecuador","category-inicio"],"_links":{"self":[{"href":"https:\/\/www.lodelmomentoloja.com\/index.php?rest_route=\/wp\/v2\/posts\/28336"}],"collection":[{"href":"https:\/\/www.lodelmomentoloja.com\/index.php?rest_route=\/wp\/v2\/posts"}],"about":[{"href":"https:\/\/www.lodelmomentoloja.com\/index.php?rest_route=\/wp\/v2\/types\/post"}],"author":[{"embeddable":true,"href":"https:\/\/www.lodelmomentoloja.com\/index.php?rest_route=\/wp\/v2\/users\/1"}],"replies":[{"embeddable":true,"href":"https:\/\/www.lodelmomentoloja.com\/index.php?rest_route=%2Fwp%2Fv2%2Fcomments&post=28336"}],"version-history":[{"count":1,"href":"https:\/\/www.lodelmomentoloja.com\/index.php?rest_route=\/wp\/v2\/posts\/28336\/revisions"}],"predecessor-version":[{"id":28339,"href":"https:\/\/www.lodelmomentoloja.com\/index.php?rest_route=\/wp\/v2\/posts\/28336\/revisions\/28339"}],"wp:attachment":[{"href":"https:\/\/www.lodelmomentoloja.com\/index.php?rest_route=%2Fwp%2Fv2%2Fmedia&parent=28336"}],"wp:term":[{"taxonomy":"category","embeddable":true,"href":"https:\/\/www.lodelmomentoloja.com\/index.php?rest_route=%2Fwp%2Fv2%2Fcategories&post=28336"},{"taxonomy":"post_tag","embeddable":true,"href":"https:\/\/www.lodelmomentoloja.com\/index.php?rest_route=%2Fwp%2Fv2%2Ftags&post=28336"}],"curies":[{"name":"wp","href":"https:\/\/api.w.org\/{rel}","templated":true}]}}