{"id":28319,"date":"2025-10-15T17:24:59","date_gmt":"2025-10-15T17:24:59","guid":{"rendered":"https:\/\/www.lodelmomentoloja.com\/?p=28319"},"modified":"2025-10-15T22:27:55","modified_gmt":"2025-10-15T22:27:55","slug":"denuncian-que-el-4t3nt4d0-en-la-bahia-de-guayaquil-estaria-relacionada-con-el-gobierno","status":"publish","type":"post","link":"https:\/\/www.lodelmomentoloja.com\/?p=28319","title":{"rendered":"Denuncian que el 4t3nt4d0 en La Bah\u00eda de Guayaquil estar\u00eda relacionada con el Gobierno"},"content":{"rendered":"<p class=\"selectable-text copyable-text x15bjb6t x1n2onr6\"><span class=\"x19la9d6 x1fc57z9 x6ikm8r x10wlt62 x19co3pv x11tp94h xfibh0p xiy17q3 x1xsqp64 x1lkfr7t xexx8yu xyri2b x18d9i69 x1c1uobl\"><span class=\"xrtxmta x1bhl96m\"><img loading=\"lazy\" decoding=\"async\" class=\"wp-image-28322 aligncenter\" src=\"http:\/\/www.lodelmomentoloja.com\/wp-content\/uploads\/2025\/10\/NOTA-VIDEO-3-2-300x169.jpg\" alt=\"\" width=\"1115\" height=\"628\" srcset=\"https:\/\/www.lodelmomentoloja.com\/wp-content\/uploads\/2025\/10\/NOTA-VIDEO-3-2-300x169.jpg 300w, https:\/\/www.lodelmomentoloja.com\/wp-content\/uploads\/2025\/10\/NOTA-VIDEO-3-2-1024x576.jpg 1024w, https:\/\/www.lodelmomentoloja.com\/wp-content\/uploads\/2025\/10\/NOTA-VIDEO-3-2-768x432.jpg 768w, https:\/\/www.lodelmomentoloja.com\/wp-content\/uploads\/2025\/10\/NOTA-VIDEO-3-2-640x360.jpg 640w, https:\/\/www.lodelmomentoloja.com\/wp-content\/uploads\/2025\/10\/NOTA-VIDEO-3-2-1536x864.jpg 1536w, https:\/\/www.lodelmomentoloja.com\/wp-content\/uploads\/2025\/10\/NOTA-VIDEO-3-2.jpg 1920w\" sizes=\"(max-width: 1115px) 100vw, 1115px\" \/><\/p>\n<p>\ud83d\udea8<\/span><\/span><span class=\"x19la9d6 x1fc57z9 x6ikm8r x10wlt62 x19co3pv x11tp94h xfibh0p xiy17q3 x1xsqp64 x1lkfr7t xexx8yu xyri2b x18d9i69 x1c1uobl\"><span class=\"xrtxmta x1bhl96m\">\ud83e\udd2f<\/span><\/span><span class=\"x19la9d6 x1fc57z9 x6ikm8r x10wlt62 x19co3pv x11tp94h xfibh0p xiy17q3 x1xsqp64 x1lkfr7t xexx8yu xyri2b x18d9i69 x1c1uobl\"><span class=\"xrtxmta x1bhl96m\">\ud83d\udc49\ud83c\udffb<\/span><\/span><span class=\"selectable-text copyable-text xkrh14z\"> \u00a1Presunto auto \u2013 4t3nt4d0! Un hecho que ha sido expuesto por el asamble\u00edsta lojano Juan Andr\u00e9s Gonz\u00e1lez, el legislador recalca una presunta acci\u00f3n de por omisi\u00f3n impropia cometida por servidores de la Fiscal\u00eda Provincial del Guayas, el cual habr\u00eda provocado la impunidad del acto t3rr0r1st4 en La Bah\u00eda, hecho que estar\u00eda relacionado con la familia Noboa.<\/span><\/p>\n<div style=\"width: 640px;\" class=\"wp-video\"><!--[if lt IE 9]><script>document.createElement('video');<\/script><![endif]-->\n<video class=\"wp-video-shortcode\" id=\"video-28319-1\" width=\"640\" height=\"360\" preload=\"metadata\" controls=\"controls\"><source type=\"video\/mp4\" src=\"http:\/\/www.lodelmomentoloja.com\/wp-content\/uploads\/2025\/10\/PRESUNTO-AUTO-4T3NT4D0-REDUCIDO.mp4?_=1\" \/><a href=\"http:\/\/www.lodelmomentoloja.com\/wp-content\/uploads\/2025\/10\/PRESUNTO-AUTO-4T3NT4D0-REDUCIDO.mp4\">http:\/\/www.lodelmomentoloja.com\/wp-content\/uploads\/2025\/10\/PRESUNTO-AUTO-4T3NT4D0-REDUCIDO.mp4<\/a><\/video><\/div>\n<p>Un hecho que ha sido expuesto por el asamble\u00edsta lojano Juan Andr\u00e9s Gonz\u00e1lez a trav\u00e9s de una denuncia presentada ante el Fiscal General Subrogante, Wilson Toainga; el legislador recalca una presunta acci\u00f3n de por omisi\u00f3n impropia cometida por servidores de la Fiscal\u00eda Provincial del Guayas, el cual habr\u00eda provocado la impunidad del acto t3rr0r1st4 en La Bah\u00eda.<\/p>\n<p>En base a la informaci\u00f3n preliminar del caso, en las im\u00e1genes que circulan en redes sociales se observa a un sujeto que se acerca a los locales, deja un objeto y huye del lugar, luego se produce la d3t0n4c1\u00f3n.<\/p>\n<p>Adem\u00e1s, el parte policial se\u00f1ala la implicaci\u00f3n de un veh\u00edculo Nissan Sentra color plomo el cual fue identificado en la zona durante la 3xpl0s1\u00f3n, el 4t4qu3 dej\u00f3 como saldo la detenci\u00f3n de Iv\u00e1n B. como aparente sospechoso. A trav\u00e9s de una rueda de prensa el legislador manifest\u00f3 que en el lugar de la aprehensi\u00f3n del sujeto tambi\u00e9n se logr\u00f3 capar la presencia un auto Porsche Cayenne que, aparentemente, tendr\u00eda v\u00ednculos con el actual Gobierno.<\/p>\n<p>Pero lo que m\u00e1s llama la atenci\u00f3n es que, tras las investigaciones el sospechoso qued\u00f3 libre de todo cargo.<\/p>\n<p>El oficio indica que, pese a la existencia de evidencia material, trazabilidad vehicular, flagrancia y registros audiovisuales, el fiscal a cargo del caso emiti\u00f3 un dictamen abstentivo en favor del \u00fanico procesado, Iv\u00e1n B., traduci\u00e9ndose en su liberaci\u00f3n inmediata y archivando la causa bajo el argumento de que \u201cla conducta no es penalmente relevante\u201d.<\/p>\n<p>El legislador Juan Andr\u00e9s Gonz\u00e1lez exigi\u00f3 respuestas a los aparentes involucrados, un hecho que podr\u00eda revelar nuevas pistas sobre 4t3nt4d0s que mantienen en zozobra al pueblo ecuatoriano.<br \/>\n<span class=\"x19la9d6 x1fc57z9 x6ikm8r x10wlt62 x19co3pv x11tp94h xfibh0p xiy17q3 x1xsqp64 x1lkfr7t xexx8yu xyri2b x18d9i69 x1c1uobl\"><span class=\"xrtxmta x1bhl96m\"><br \/>\n\ud83c\udf10<\/span><\/span><span class=\"x19la9d6 x1fc57z9 x6ikm8r x10wlt62 x19co3pv x11tp94h xfibh0p xiy17q3 x1xsqp64 x1lkfr7t xexx8yu xyri2b x18d9i69 x1c1uobl\"><span class=\"xrtxmta x1bhl96m\">\u2705<\/span><\/span><span class=\"selectable-text copyable-text xkrh14z\"> S\u00edguenos en nuestra p\u00e1gina verificada: <\/span><span class=\"selectable-text copyable-text xkrh14z\">https:\/\/www.facebook.com\/lodelmomentolojaEC<\/span><\/p>\n<p class=\"selectable-text copyable-text x15bjb6t x1n2onr6\"><span class=\"selectable-text copyable-text xkrh14z\">www.lodelmomentoloja.com<\/span><\/p>\n<p class=\"selectable-text copyable-text x15bjb6t x1n2onr6\"><span class=\"selectable-text copyable-text xkrh14z\">#LDMnoticias #lodelmomentolojaLDM<\/span><\/p>\n","protected":false},"excerpt":{"rendered":"<p>\ud83d\udea8\ud83e\udd2f\ud83d\udc49\ud83c\udffb \u00a1Presunto auto \u2013 4t3nt4d0! Un hecho que ha sido expuesto por el asamble\u00edsta lojano&#8230;<\/p>\n","protected":false},"author":1,"featured_media":0,"comment_status":"open","ping_status":"open","sticky":false,"template":"","format":"standard","meta":{"footnotes":""},"categories":[7,1],"tags":[],"class_list":["post-28319","post","type-post","status-publish","format-standard","hentry","category-ecuador","category-inicio"],"_links":{"self":[{"href":"https:\/\/www.lodelmomentoloja.com\/index.php?rest_route=\/wp\/v2\/posts\/28319"}],"collection":[{"href":"https:\/\/www.lodelmomentoloja.com\/index.php?rest_route=\/wp\/v2\/posts"}],"about":[{"href":"https:\/\/www.lodelmomentoloja.com\/index.php?rest_route=\/wp\/v2\/types\/post"}],"author":[{"embeddable":true,"href":"https:\/\/www.lodelmomentoloja.com\/index.php?rest_route=\/wp\/v2\/users\/1"}],"replies":[{"embeddable":true,"href":"https:\/\/www.lodelmomentoloja.com\/index.php?rest_route=%2Fwp%2Fv2%2Fcomments&post=28319"}],"version-history":[{"count":1,"href":"https:\/\/www.lodelmomentoloja.com\/index.php?rest_route=\/wp\/v2\/posts\/28319\/revisions"}],"predecessor-version":[{"id":28323,"href":"https:\/\/www.lodelmomentoloja.com\/index.php?rest_route=\/wp\/v2\/posts\/28319\/revisions\/28323"}],"wp:attachment":[{"href":"https:\/\/www.lodelmomentoloja.com\/index.php?rest_route=%2Fwp%2Fv2%2Fmedia&parent=28319"}],"wp:term":[{"taxonomy":"category","embeddable":true,"href":"https:\/\/www.lodelmomentoloja.com\/index.php?rest_route=%2Fwp%2Fv2%2Fcategories&post=28319"},{"taxonomy":"post_tag","embeddable":true,"href":"https:\/\/www.lodelmomentoloja.com\/index.php?rest_route=%2Fwp%2Fv2%2Ftags&post=28319"}],"curies":[{"name":"wp","href":"https:\/\/api.w.org\/{rel}","templated":true}]}}