{"id":28298,"date":"2025-10-14T14:16:38","date_gmt":"2025-10-14T14:16:38","guid":{"rendered":"https:\/\/www.lodelmomentoloja.com\/?p=28298"},"modified":"2025-10-14T19:24:22","modified_gmt":"2025-10-14T19:24:22","slug":"v10l3nt0s-enfrentamientos-se-registran-en-la-provincia-de-imbabura-en-el-paro-nacional","status":"publish","type":"post","link":"https:\/\/www.lodelmomentoloja.com\/?p=28298","title":{"rendered":"V10l3nt0s enfrentamientos se registran en la provincia de Imbabura en el paro nacional"},"content":{"rendered":"<p class=\"selectable-text copyable-text x15bjb6t x1n2onr6\"><span class=\"x19la9d6 x1fc57z9 x6ikm8r x10wlt62 x19co3pv x1g5zs5t xfibh0p xiy17q3 x1xsqp64 x1lkfr7t xexx8yu xyri2b x18d9i69 x1c1uobl\"><span class=\"xrtxmta x1bhl96m\"><img loading=\"lazy\" decoding=\"async\" class=\"wp-image-28300 aligncenter\" src=\"http:\/\/www.lodelmomentoloja.com\/wp-content\/uploads\/2025\/10\/NOTA-VIDEO-2-2-300x169.jpg\" alt=\"\" width=\"1086\" height=\"612\" srcset=\"https:\/\/www.lodelmomentoloja.com\/wp-content\/uploads\/2025\/10\/NOTA-VIDEO-2-2-300x169.jpg 300w, https:\/\/www.lodelmomentoloja.com\/wp-content\/uploads\/2025\/10\/NOTA-VIDEO-2-2-1024x576.jpg 1024w, https:\/\/www.lodelmomentoloja.com\/wp-content\/uploads\/2025\/10\/NOTA-VIDEO-2-2-768x432.jpg 768w, https:\/\/www.lodelmomentoloja.com\/wp-content\/uploads\/2025\/10\/NOTA-VIDEO-2-2-640x360.jpg 640w, https:\/\/www.lodelmomentoloja.com\/wp-content\/uploads\/2025\/10\/NOTA-VIDEO-2-2-1536x864.jpg 1536w, https:\/\/www.lodelmomentoloja.com\/wp-content\/uploads\/2025\/10\/NOTA-VIDEO-2-2.jpg 1920w\" sizes=\"(max-width: 1086px) 100vw, 1086px\" \/><\/p>\n<p>\ud83d\ude31<\/span><\/span><span class=\"x19la9d6 x1fc57z9 x6ikm8r x10wlt62 x19co3pv x1g5zs5t xfibh0p xiy17q3 x1xsqp64 x1lkfr7t xexx8yu xyri2b x18d9i69 x1c1uobl\"><span class=\"xrtxmta x1bhl96m\">\ud83d\udea8<\/span><\/span><span class=\"x19la9d6 x1fc57z9 x6ikm8r x10wlt62 x19co3pv x1g5zs5t xfibh0p xiy17q3 x1xsqp64 x1lkfr7t xexx8yu xyri2b x18d9i69 x1c1uobl\"><span class=\"xrtxmta x1bhl96m\">\ud83d\udd25<\/span><\/span><span class=\"selectable-text copyable-text xkrh14z\"> \u00a1Se van con todo! En los 23 d\u00edas del paro nacional, mientras el Gobierno de Noboa intenta retomar el control en la provincia de Imbabura que ha sido el epicentro de las manifestaciones, otras organizaciones sociales anuncian nuevas movilizaciones y, todo esto a pocas semanas de llevarse a cabo el Refer\u00e9ndum y Consulta Popular 2025. Otavalo se convirti\u00f3 en el escenario de v10l3nt0s enfrentamientos entre manifestantes y la fuerza p\u00fablica. <\/span><\/p>\n<div style=\"width: 640px;\" class=\"wp-video\"><!--[if lt IE 9]><script>document.createElement('video');<\/script><![endif]-->\n<video class=\"wp-video-shortcode\" id=\"video-28298-1\" width=\"640\" height=\"360\" preload=\"metadata\" controls=\"controls\"><source type=\"video\/mp4\" src=\"http:\/\/www.lodelmomentoloja.com\/wp-content\/uploads\/2025\/10\/ENFRENTAMIENTOS-EN-IMBABURA-REDUCIDO.mp4?_=1\" \/><a href=\"http:\/\/www.lodelmomentoloja.com\/wp-content\/uploads\/2025\/10\/ENFRENTAMIENTOS-EN-IMBABURA-REDUCIDO.mp4\">http:\/\/www.lodelmomentoloja.com\/wp-content\/uploads\/2025\/10\/ENFRENTAMIENTOS-EN-IMBABURA-REDUCIDO.mp4<\/a><\/video><\/div>\n<p>Por un lado, l\u00edderes de organizaciones sociales como, por ejemplo, el Frente Unitario de Trabajadores (FUT) anunci\u00f3 una nueva jornada de movilizaci\u00f3n nacional para el mi\u00e9rcoles 15 de octubre de 2025, en horas de la tarde y se realizar\u00e1 de manera simult\u00e1nea en distintas ciudades del pa\u00eds.<\/p>\n<p>Mientras que la otra cara de moneda muestra los enfrentamientos entre la fuerza p\u00fablica y los manifestantes, los fuertes se registraron a la altura de Ilum\u00e1n, San Roque y Peguche. Comuneros de estos tres sectores salieron desde los dos lados de la v\u00eda y 4t4c4r0n al convoy con piedras, troncos y voladores. En la v\u00eda Panamericana E35, en el tramo de los cantones Antonio Ante y Otavalo, v10l3nt0s enfrentamientos se registraron desde la madrugada del 14 de octubre de 2025.<\/p>\n<p>Una caravana lleg\u00f3 a Otavalo la madrugada de este martes, luego de su arribo a Ibarra la noche del lunes 13 de octubre, all\u00ed se produjeron nuevos enfrentamientos que perduraron por varias horas. Dicho sea de paso, en redes sociales circulan im\u00e1genes sobre manifestantes que han tomado adoquines para utilizarlos en contra de los uniformados.<\/p>\n<p>Por otro lado, la Alianza de Organizaciones por los Derechos Humanos denunci\u00f3 una aparente represi\u00f3n militar indiscriminada en Imbabura, la organizaci\u00f3n se\u00f1ala que un convoy \u201chumanitario\u201d del Ejecutivo ha 4t4c4d0 a las comunidades ind\u00edgenas, dejando cerca de 22 h3r1d0s de gravedad y 4 detenidos. Incluso, la excandidata vicepresidencial, Pacha Ter\u00e1n dijo extraoficialmente, que existir\u00eda una segunda persona f4ll3c1d4 en el contexto del paro nacional.<\/p>\n<p>En el vigesimotercer d\u00eda de protestas, se registran de manera oficial, una persona f4ll3c1d4, al menos 127 h3r1d0s entre manifestantes y fuerzas del orden y cerca de 120 detenidos y varias denuncias del uso excesivos de la fuerza.<\/p>\n<p class=\"selectable-text copyable-text x15bjb6t x1n2onr6\"><span class=\"x19la9d6 x1fc57z9 x6ikm8r x10wlt62 x19co3pv x1g5zs5t xfibh0p xiy17q3 x1xsqp64 x1lkfr7t xexx8yu xyri2b x18d9i69 x1c1uobl\"><span class=\"xrtxmta x1bhl96m\">\ud83c\udf10<\/span><\/span><span class=\"x19la9d6 x1fc57z9 x6ikm8r x10wlt62 x19co3pv x1g5zs5t xfibh0p xiy17q3 x1xsqp64 x1lkfr7t xexx8yu xyri2b x18d9i69 x1c1uobl\"><span class=\"xrtxmta x1bhl96m\">\u2705<\/span><\/span><span class=\"selectable-text copyable-text xkrh14z\"> S\u00edguenos en nuestra p\u00e1gina verificada: <\/span><span class=\"selectable-text copyable-text xkrh14z\">https:\/\/www.facebook.com\/lodelmomentolojaEC<\/span><\/p>\n<p class=\"selectable-text copyable-text x15bjb6t x1n2onr6\"><span class=\"selectable-text copyable-text xkrh14z\">www.lodelmomentoloja.com<\/span><\/p>\n<p class=\"selectable-text copyable-text x15bjb6t x1n2onr6\"><span class=\"selectable-text copyable-text xkrh14z\">#LDMnoticias #lodelmomentolojaLDM<\/span><\/p>\n","protected":false},"excerpt":{"rendered":"<p>\ud83d\ude31\ud83d\udea8\ud83d\udd25 \u00a1Se van con todo! En los 23 d\u00edas del paro nacional, mientras el Gobierno&#8230;<\/p>\n","protected":false},"author":1,"featured_media":0,"comment_status":"open","ping_status":"open","sticky":false,"template":"","format":"standard","meta":{"footnotes":""},"categories":[7,1],"tags":[],"class_list":["post-28298","post","type-post","status-publish","format-standard","hentry","category-ecuador","category-inicio"],"_links":{"self":[{"href":"https:\/\/www.lodelmomentoloja.com\/index.php?rest_route=\/wp\/v2\/posts\/28298"}],"collection":[{"href":"https:\/\/www.lodelmomentoloja.com\/index.php?rest_route=\/wp\/v2\/posts"}],"about":[{"href":"https:\/\/www.lodelmomentoloja.com\/index.php?rest_route=\/wp\/v2\/types\/post"}],"author":[{"embeddable":true,"href":"https:\/\/www.lodelmomentoloja.com\/index.php?rest_route=\/wp\/v2\/users\/1"}],"replies":[{"embeddable":true,"href":"https:\/\/www.lodelmomentoloja.com\/index.php?rest_route=%2Fwp%2Fv2%2Fcomments&post=28298"}],"version-history":[{"count":1,"href":"https:\/\/www.lodelmomentoloja.com\/index.php?rest_route=\/wp\/v2\/posts\/28298\/revisions"}],"predecessor-version":[{"id":28301,"href":"https:\/\/www.lodelmomentoloja.com\/index.php?rest_route=\/wp\/v2\/posts\/28298\/revisions\/28301"}],"wp:attachment":[{"href":"https:\/\/www.lodelmomentoloja.com\/index.php?rest_route=%2Fwp%2Fv2%2Fmedia&parent=28298"}],"wp:term":[{"taxonomy":"category","embeddable":true,"href":"https:\/\/www.lodelmomentoloja.com\/index.php?rest_route=%2Fwp%2Fv2%2Fcategories&post=28298"},{"taxonomy":"post_tag","embeddable":true,"href":"https:\/\/www.lodelmomentoloja.com\/index.php?rest_route=%2Fwp%2Fv2%2Ftags&post=28298"}],"curies":[{"name":"wp","href":"https:\/\/api.w.org\/{rel}","templated":true}]}}