{"id":28291,"date":"2025-10-14T11:25:22","date_gmt":"2025-10-14T11:25:22","guid":{"rendered":"https:\/\/www.lodelmomentoloja.com\/?p=28291"},"modified":"2025-10-14T16:26:10","modified_gmt":"2025-10-14T16:26:10","slug":"anuncian-movilizaciones-masivas-para-este-15-de-octubre","status":"publish","type":"post","link":"https:\/\/www.lodelmomentoloja.com\/?p=28291","title":{"rendered":"ANUNCIAN MOVILIZACIONES MASIVAS PARA ESTE 15 DE OCTUBRE"},"content":{"rendered":"<p>\ud83d\ude31\ud83d\udea8\ud83d\udde3\ufe0f\u00a1Van con todo! El Frente Unitario de Trabajadores (FUT) anunci\u00f3 una nueva jornada de movilizaci\u00f3n nacional para el mi\u00e9rcoles 15 de octubre de 2025, en horas de la tarde. La convocatoria se realizar\u00e1 de manera simult\u00e1nea en distintas ciudades del pa\u00eds, seg\u00fan informaron sus dirigentes. Por su parte, Andr\u00e9s Quishpe, presidente de la Uni\u00f3n Nacional de Educadores (UNE), inform\u00f3 que este martes y mi\u00e9rcoles se realizar\u00e1n plantones en los exteriores de la Universidad Central del Ecuador, en Quito, a las 15:00, en apoyo al paro nacional, que se lleva a cabo desde hace casi un mes con la CONAIE.<\/p>\n<p>Jos\u00e9 Villavicencio, presidente de la Uni\u00f3n General de Trabajadores del Ecuador (UGTE), se\u00f1al\u00f3 que la Polic\u00eda y las Fuerzas Armadas est\u00e1n siendo empleadas \u201cpara reprimir a la poblaci\u00f3n y no para combatir a la del1ncv3ncia\u201d.<\/p>\n<p>\ud83c\udf10\u2705 S\u00edguenos en nuestra p\u00e1gina verificada: https:\/\/www.facebook.com\/lodelmomentolojaEC<\/p>\n<p>www.lodelmomentoloja.com<br \/>\n#LDMnoticias #lodelmomentolojaLDM<\/p>\n","protected":false},"excerpt":{"rendered":"<p>\ud83d\ude31\ud83d\udea8\ud83d\udde3\ufe0f\u00a1Van con todo! El Frente Unitario de Trabajadores (FUT) anunci\u00f3 una nueva jornada de movilizaci\u00f3n&#8230;<\/p>\n","protected":false},"author":1,"featured_media":28292,"comment_status":"open","ping_status":"open","sticky":false,"template":"","format":"standard","meta":{"footnotes":""},"categories":[7,1],"tags":[],"class_list":["post-28291","post","type-post","status-publish","format-standard","has-post-thumbnail","hentry","category-ecuador","category-inicio"],"_links":{"self":[{"href":"https:\/\/www.lodelmomentoloja.com\/index.php?rest_route=\/wp\/v2\/posts\/28291"}],"collection":[{"href":"https:\/\/www.lodelmomentoloja.com\/index.php?rest_route=\/wp\/v2\/posts"}],"about":[{"href":"https:\/\/www.lodelmomentoloja.com\/index.php?rest_route=\/wp\/v2\/types\/post"}],"author":[{"embeddable":true,"href":"https:\/\/www.lodelmomentoloja.com\/index.php?rest_route=\/wp\/v2\/users\/1"}],"replies":[{"embeddable":true,"href":"https:\/\/www.lodelmomentoloja.com\/index.php?rest_route=%2Fwp%2Fv2%2Fcomments&post=28291"}],"version-history":[{"count":1,"href":"https:\/\/www.lodelmomentoloja.com\/index.php?rest_route=\/wp\/v2\/posts\/28291\/revisions"}],"predecessor-version":[{"id":28293,"href":"https:\/\/www.lodelmomentoloja.com\/index.php?rest_route=\/wp\/v2\/posts\/28291\/revisions\/28293"}],"wp:featuredmedia":[{"embeddable":true,"href":"https:\/\/www.lodelmomentoloja.com\/index.php?rest_route=\/wp\/v2\/media\/28292"}],"wp:attachment":[{"href":"https:\/\/www.lodelmomentoloja.com\/index.php?rest_route=%2Fwp%2Fv2%2Fmedia&parent=28291"}],"wp:term":[{"taxonomy":"category","embeddable":true,"href":"https:\/\/www.lodelmomentoloja.com\/index.php?rest_route=%2Fwp%2Fv2%2Fcategories&post=28291"},{"taxonomy":"post_tag","embeddable":true,"href":"https:\/\/www.lodelmomentoloja.com\/index.php?rest_route=%2Fwp%2Fv2%2Ftags&post=28291"}],"curies":[{"name":"wp","href":"https:\/\/api.w.org\/{rel}","templated":true}]}}