{"id":28288,"date":"2025-10-14T10:37:04","date_gmt":"2025-10-14T10:37:04","guid":{"rendered":"https:\/\/www.lodelmomentoloja.com\/?p=28288"},"modified":"2025-10-14T15:39:46","modified_gmt":"2025-10-14T15:39:46","slug":"carcel-del-encuentro-sera-aperturada-a-finales-de-noviembre-del-2025","status":"publish","type":"post","link":"https:\/\/www.lodelmomentoloja.com\/?p=28288","title":{"rendered":"C\u00c0RCEL DEL ENCUENTRO SER\u00c1 APERTURADA A FINALES DE NOVIEMBRE DEL 2025"},"content":{"rendered":"<p>\ud83d\ude31\u23f3\ud83d\udcc6\u00bfLograr\u00e1 estar lista? El ministro del Interior, John Reimberg, anunci\u00f3 que la c\u00e1rcel de El Encuentro, un centro de m\u00e1xima seguridad, entrar\u00e1 en funcionamiento a finales de noviembre. Esta prisi\u00f3n contar\u00e1 con muros de nueve metros de altura, reconocimiento de iris y monitoreo mediante inteligencia artificial. Se prev\u00e9 que albergue a 800 reclusos considerados de alta peligrosidad, muchos de ellos cabecillas de bandas crim1n4les que ser\u00e1n reubicados desde centros como La Roca.<\/p>\n<p>\ud83c\udf10\u2705 S\u00edguenos en nuestra p\u00e1gina verificada: https:\/\/www.facebook.com\/lodelmomentolojaEC<\/p>\n<p>www.lodelmomentoloja.com<br \/>\n#LDMnoticias #lodelmomentolojaLDM<\/p>\n","protected":false},"excerpt":{"rendered":"<p>\ud83d\ude31\u23f3\ud83d\udcc6\u00bfLograr\u00e1 estar lista? El ministro del Interior, John Reimberg, anunci\u00f3 que la c\u00e1rcel de El&#8230;<\/p>\n","protected":false},"author":1,"featured_media":28289,"comment_status":"open","ping_status":"open","sticky":false,"template":"","format":"standard","meta":{"footnotes":""},"categories":[7,1,5],"tags":[],"class_list":["post-28288","post","type-post","status-publish","format-standard","has-post-thumbnail","hentry","category-ecuador","category-inicio","category-loja"],"_links":{"self":[{"href":"https:\/\/www.lodelmomentoloja.com\/index.php?rest_route=\/wp\/v2\/posts\/28288"}],"collection":[{"href":"https:\/\/www.lodelmomentoloja.com\/index.php?rest_route=\/wp\/v2\/posts"}],"about":[{"href":"https:\/\/www.lodelmomentoloja.com\/index.php?rest_route=\/wp\/v2\/types\/post"}],"author":[{"embeddable":true,"href":"https:\/\/www.lodelmomentoloja.com\/index.php?rest_route=\/wp\/v2\/users\/1"}],"replies":[{"embeddable":true,"href":"https:\/\/www.lodelmomentoloja.com\/index.php?rest_route=%2Fwp%2Fv2%2Fcomments&post=28288"}],"version-history":[{"count":1,"href":"https:\/\/www.lodelmomentoloja.com\/index.php?rest_route=\/wp\/v2\/posts\/28288\/revisions"}],"predecessor-version":[{"id":28290,"href":"https:\/\/www.lodelmomentoloja.com\/index.php?rest_route=\/wp\/v2\/posts\/28288\/revisions\/28290"}],"wp:featuredmedia":[{"embeddable":true,"href":"https:\/\/www.lodelmomentoloja.com\/index.php?rest_route=\/wp\/v2\/media\/28289"}],"wp:attachment":[{"href":"https:\/\/www.lodelmomentoloja.com\/index.php?rest_route=%2Fwp%2Fv2%2Fmedia&parent=28288"}],"wp:term":[{"taxonomy":"category","embeddable":true,"href":"https:\/\/www.lodelmomentoloja.com\/index.php?rest_route=%2Fwp%2Fv2%2Fcategories&post=28288"},{"taxonomy":"post_tag","embeddable":true,"href":"https:\/\/www.lodelmomentoloja.com\/index.php?rest_route=%2Fwp%2Fv2%2Ftags&post=28288"}],"curies":[{"name":"wp","href":"https:\/\/api.w.org\/{rel}","templated":true}]}}