{"id":28284,"date":"2025-10-14T09:31:46","date_gmt":"2025-10-14T09:31:46","guid":{"rendered":"https:\/\/www.lodelmomentoloja.com\/?p=28284"},"modified":"2025-10-14T14:34:30","modified_gmt":"2025-10-14T14:34:30","slug":"pelicula-ecuatoriana-representara-al-pais-en-los-premios-oscar","status":"publish","type":"post","link":"https:\/\/www.lodelmomentoloja.com\/?p=28284","title":{"rendered":"PELICULA ECUATORIANA REPRESENTAR\u00c1 AL PA\u00cdS EN LOS PREMIOS OSCAR"},"content":{"rendered":"<p>\ud83c\uddea\ud83c\udde8\ud83c\udf9e\ufe0f\ud83d\udd1d\u00a1Orgullo ecuatoriano! La pel\u00edcula ecuatoriana &#8216;Chuzalongo&#8217;, del director Diego Ortu\u00f1o, muestra paisajes y tradiciones ecuatorianas ligadas al D\u00eda de Difuntos y representar\u00e1 a Ecuador en los premios Oscar, los m\u00e1s importantes del cine a nivel mundial, en la categor\u00eda Mejor Pel\u00edcula Internacional.<\/p>\n<p>El filme parte de la leyenda tradicional del &#8216;Chuzalongo&#8217; y plantea lo sobrenatural y lo cultural en un solo producto que ya ha sido galardonado\u00a0como Mejor Largometraje Iberoamericano en el Festival Macabro FICH en M\u00e9xico. Adem\u00e1s, ha sido premiada en Ecuador, Argentina y M\u00e9xico. Ha representado a Ecuador en los festivales internacionales de cine Goya, Macondo, Platino y Forqu\u00e9.<\/p>\n<p>\ud83c\udf10\u2705 S\u00edguenos en nuestra p\u00e1gina verificada: https:\/\/www.facebook.com\/lodelmomentolojaEC<\/p>\n<p>www.lodelmomentoloja.com<br \/>\n<a class=\"x1i10hfl xjbqb8w x1ejq31n x18oe1m7 x1sy0etr xstzfhl x972fbf x10w94by x1qhh985 x14e42zd x9f619 x1ypdohk xt0psk2 x3ct3a4 xdj266r x14z9mp xat24cr x1lziwak xexx8yu xyri2b x18d9i69 x1c1uobl x16tdsg8 x1hl2dhg xggy1nq x1a2a7pz  _aa9_ _a6hd\" tabindex=\"0\" role=\"link\" href=\"https:\/\/www.instagram.com\/explore\/tags\/ldmnoticias\/\">#LDMnoticias<\/a>\u00a0<a class=\"x1i10hfl xjbqb8w x1ejq31n x18oe1m7 x1sy0etr xstzfhl x972fbf x10w94by x1qhh985 x14e42zd x9f619 x1ypdohk xt0psk2 x3ct3a4 xdj266r x14z9mp xat24cr x1lziwak xexx8yu xyri2b x18d9i69 x1c1uobl x16tdsg8 x1hl2dhg xggy1nq x1a2a7pz  _aa9_ _a6hd\" tabindex=\"0\" role=\"link\" href=\"https:\/\/www.instagram.com\/explore\/tags\/lodelmomentolojaldm\/\">#lodelmomentolojaLDM<\/a><\/p>\n","protected":false},"excerpt":{"rendered":"<p>\ud83c\uddea\ud83c\udde8\ud83c\udf9e\ufe0f\ud83d\udd1d\u00a1Orgullo ecuatoriano! La pel\u00edcula ecuatoriana &#8216;Chuzalongo&#8217;, del director Diego Ortu\u00f1o, muestra paisajes y tradiciones ecuatorianas&#8230;<\/p>\n","protected":false},"author":1,"featured_media":28285,"comment_status":"open","ping_status":"open","sticky":false,"template":"","format":"standard","meta":{"footnotes":""},"categories":[7,1,4],"tags":[],"class_list":["post-28284","post","type-post","status-publish","format-standard","has-post-thumbnail","hentry","category-ecuador","category-inicio","category-internacional"],"_links":{"self":[{"href":"https:\/\/www.lodelmomentoloja.com\/index.php?rest_route=\/wp\/v2\/posts\/28284"}],"collection":[{"href":"https:\/\/www.lodelmomentoloja.com\/index.php?rest_route=\/wp\/v2\/posts"}],"about":[{"href":"https:\/\/www.lodelmomentoloja.com\/index.php?rest_route=\/wp\/v2\/types\/post"}],"author":[{"embeddable":true,"href":"https:\/\/www.lodelmomentoloja.com\/index.php?rest_route=\/wp\/v2\/users\/1"}],"replies":[{"embeddable":true,"href":"https:\/\/www.lodelmomentoloja.com\/index.php?rest_route=%2Fwp%2Fv2%2Fcomments&post=28284"}],"version-history":[{"count":1,"href":"https:\/\/www.lodelmomentoloja.com\/index.php?rest_route=\/wp\/v2\/posts\/28284\/revisions"}],"predecessor-version":[{"id":28286,"href":"https:\/\/www.lodelmomentoloja.com\/index.php?rest_route=\/wp\/v2\/posts\/28284\/revisions\/28286"}],"wp:featuredmedia":[{"embeddable":true,"href":"https:\/\/www.lodelmomentoloja.com\/index.php?rest_route=\/wp\/v2\/media\/28285"}],"wp:attachment":[{"href":"https:\/\/www.lodelmomentoloja.com\/index.php?rest_route=%2Fwp%2Fv2%2Fmedia&parent=28284"}],"wp:term":[{"taxonomy":"category","embeddable":true,"href":"https:\/\/www.lodelmomentoloja.com\/index.php?rest_route=%2Fwp%2Fv2%2Fcategories&post=28284"},{"taxonomy":"post_tag","embeddable":true,"href":"https:\/\/www.lodelmomentoloja.com\/index.php?rest_route=%2Fwp%2Fv2%2Ftags&post=28284"}],"curies":[{"name":"wp","href":"https:\/\/api.w.org\/{rel}","templated":true}]}}