{"id":28266,"date":"2025-10-13T11:39:48","date_gmt":"2025-10-13T11:39:48","guid":{"rendered":"https:\/\/www.lodelmomentoloja.com\/?p=28266"},"modified":"2025-10-13T16:41:42","modified_gmt":"2025-10-13T16:41:42","slug":"nuevos-enfrentamientos-se-registraron-durante-el-fin-de-semana-durante-el-paro-nacional","status":"publish","type":"post","link":"https:\/\/www.lodelmomentoloja.com\/?p=28266","title":{"rendered":"Nuevos enfrentamientos se registraron durante el fin de semana durante el Paro Nacional."},"content":{"rendered":"<p class=\"selectable-text copyable-text x15bjb6t x1n2onr6\"><span class=\"x19la9d6 x1fc57z9 x6ikm8r x10wlt62 x19co3pv x1g5zs5t xfibh0p xiy17q3 x1xsqp64 x1lkfr7t xexx8yu xyri2b x18d9i69 x1c1uobl\"><span class=\"xrtxmta x1bhl96m\"><img loading=\"lazy\" decoding=\"async\" class=\"wp-image-28267 aligncenter\" src=\"http:\/\/www.lodelmomentoloja.com\/wp-content\/uploads\/2025\/10\/IMAGEN-VIVI-1-300x169.jpg\" alt=\"\" width=\"1065\" height=\"600\" srcset=\"https:\/\/www.lodelmomentoloja.com\/wp-content\/uploads\/2025\/10\/IMAGEN-VIVI-1-300x169.jpg 300w, https:\/\/www.lodelmomentoloja.com\/wp-content\/uploads\/2025\/10\/IMAGEN-VIVI-1-1024x576.jpg 1024w, https:\/\/www.lodelmomentoloja.com\/wp-content\/uploads\/2025\/10\/IMAGEN-VIVI-1-768x432.jpg 768w, https:\/\/www.lodelmomentoloja.com\/wp-content\/uploads\/2025\/10\/IMAGEN-VIVI-1-640x360.jpg 640w, https:\/\/www.lodelmomentoloja.com\/wp-content\/uploads\/2025\/10\/IMAGEN-VIVI-1-1536x864.jpg 1536w, https:\/\/www.lodelmomentoloja.com\/wp-content\/uploads\/2025\/10\/IMAGEN-VIVI-1.jpg 1920w\" sizes=\"(max-width: 1065px) 100vw, 1065px\" \/><\/p>\n<p>\ud83d\ude31<\/span><\/span><span class=\"x19la9d6 x1fc57z9 x6ikm8r x10wlt62 x19co3pv x1g5zs5t xfibh0p xiy17q3 x1xsqp64 x1lkfr7t xexx8yu xyri2b x18d9i69 x1c1uobl\"><span class=\"xrtxmta x1bhl96m\">\ud83d\udd25<\/span><\/span><span class=\"x19la9d6 x1fc57z9 x6ikm8r x10wlt62 x19co3pv x1g5zs5t xfibh0p xiy17q3 x1xsqp64 x1lkfr7t xexx8yu xyri2b x18d9i69 x1c1uobl\"><span class=\"xrtxmta x1bhl96m\">\ud83d\udde3\ufe0f<\/span><\/span><span class=\"selectable-text copyable-text xkrh14z\"> \u00a1Nuevos enfrentamientos! Durante las protestas se registr\u00f3 una nueva ola de v10l3nc14 entre los manifestantes y la fuerza p\u00fablica, varios enfrentamientos se observaban cuando los manifestantes intentaban avanzar hacia el parque El Arbolito. Un escenario similar se vivi\u00f3 en el cant\u00f3n Antonio Ante, provincia de Imbabura, comuneros utilizaron l4nz4c0h3t3s artesanales contra un convoy militar, mientras el Gobierno anuncia movilizaciones a provincias que son el epicentro de las manifestaciones.<\/span><\/p>\n<p>&nbsp;<\/p>\n<div style=\"width: 640px;\" class=\"wp-video\"><!--[if lt IE 9]><script>document.createElement('video');<\/script><![endif]-->\n<video class=\"wp-video-shortcode\" id=\"video-28266-1\" width=\"640\" height=\"360\" preload=\"metadata\" controls=\"controls\"><source type=\"video\/mp4\" src=\"http:\/\/www.lodelmomentoloja.com\/wp-content\/uploads\/2025\/10\/NUEVOS-ENFRENTAMIENTOS-EN-EL-PARO-NACIONAL-REDUCIDO.mp4?_=1\" \/><a href=\"http:\/\/www.lodelmomentoloja.com\/wp-content\/uploads\/2025\/10\/NUEVOS-ENFRENTAMIENTOS-EN-EL-PARO-NACIONAL-REDUCIDO.mp4\">http:\/\/www.lodelmomentoloja.com\/wp-content\/uploads\/2025\/10\/NUEVOS-ENFRENTAMIENTOS-EN-EL-PARO-NACIONAL-REDUCIDO.mp4<\/a><\/video><\/div>\n<p>En redes sociales, se observa a los uniformados utilizar gas lacrim\u00f3geno para dispersar a los manifestantes y en algunos casos, incluso con el tolete.<\/p>\n<p>Los controles fueron estrictos, a tal punto que periodistas denunciaron haber sido impedidos de documentar los hechos.<\/p>\n<p>Aun as\u00ed, los manifestantes lograron llegar a los alrededores del parque El Arbolito y la Av. Patria donde se produjeron enfrentamientos que duraron varias horas, sin embargo, la polic\u00eda retom\u00f3 en control, aunque peque\u00f1os grupos se refugiaron en la Casa de la Cultura, entidad que rechaz\u00f3 la intervenci\u00f3n de oficiales con gas lacrim\u00f3geno.<\/p>\n<p>Un escenario similar se vivi\u00f3 en el cant\u00f3n Antonio Ante, provincia de Imbabura, donde tambi\u00e9n hubo enfrentamientos la madrugada del domingo, all\u00ed, comuneros utilizaron lanzacohetes artesanales contra un convoy militar que intentaba habilitar la Panamericana, bloqueada desde hace 21 d\u00edas. La pugna dur\u00f3 cerca de 4 horas y habr\u00eda alrededor de 3 personas detenidas. Mientras tanto, el ministro del Interior anuncia que ya se movilizan a la provincia de Imbabura.<\/p>\n<p>La Polic\u00eda Nacional, en los 21 d\u00edas de movilizaciones se han registrado al menos 118 personas detenidas, de los cuales, 107 ser\u00edan adultos y 11 adolescentes.<\/p>\n<p class=\"selectable-text copyable-text x15bjb6t x1n2onr6\">\n<p class=\"selectable-text copyable-text x15bjb6t x1n2onr6\"><span class=\"x19la9d6 x1fc57z9 x6ikm8r x10wlt62 x19co3pv x1g5zs5t xfibh0p xiy17q3 x1xsqp64 x1lkfr7t xexx8yu xyri2b x18d9i69 x1c1uobl\"><span class=\"xrtxmta x1bhl96m\">\ud83c\udf10<\/span><\/span><span class=\"x19la9d6 x1fc57z9 x6ikm8r x10wlt62 x19co3pv x1g5zs5t xfibh0p xiy17q3 x1xsqp64 x1lkfr7t xexx8yu xyri2b x18d9i69 x1c1uobl\"><span class=\"xrtxmta x1bhl96m\">\u2705<\/span><\/span><span class=\"selectable-text copyable-text xkrh14z\"> S\u00edguenos en nuestra p\u00e1gina verificada: <\/span><span class=\"selectable-text copyable-text xkrh14z\">https:\/\/www.facebook.com\/lodelmomentolojaEC<\/span><\/p>\n<p class=\"selectable-text copyable-text x15bjb6t x1n2onr6\"><span class=\"selectable-text copyable-text xkrh14z\">www.lodelmomentoloja.com<\/span><\/p>\n<p class=\"selectable-text copyable-text x15bjb6t x1n2onr6\"><span class=\"selectable-text copyable-text xkrh14z\">#LDMnoticias #lodelmomentolojaLDM<\/span><\/p>\n","protected":false},"excerpt":{"rendered":"<p>\ud83d\ude31\ud83d\udd25\ud83d\udde3\ufe0f \u00a1Nuevos enfrentamientos! Durante las protestas se registr\u00f3 una nueva ola de v10l3nc14 entre los&#8230;<\/p>\n","protected":false},"author":1,"featured_media":0,"comment_status":"open","ping_status":"open","sticky":false,"template":"","format":"standard","meta":{"footnotes":""},"categories":[7,1,5],"tags":[],"class_list":["post-28266","post","type-post","status-publish","format-standard","hentry","category-ecuador","category-inicio","category-loja"],"_links":{"self":[{"href":"https:\/\/www.lodelmomentoloja.com\/index.php?rest_route=\/wp\/v2\/posts\/28266"}],"collection":[{"href":"https:\/\/www.lodelmomentoloja.com\/index.php?rest_route=\/wp\/v2\/posts"}],"about":[{"href":"https:\/\/www.lodelmomentoloja.com\/index.php?rest_route=\/wp\/v2\/types\/post"}],"author":[{"embeddable":true,"href":"https:\/\/www.lodelmomentoloja.com\/index.php?rest_route=\/wp\/v2\/users\/1"}],"replies":[{"embeddable":true,"href":"https:\/\/www.lodelmomentoloja.com\/index.php?rest_route=%2Fwp%2Fv2%2Fcomments&post=28266"}],"version-history":[{"count":1,"href":"https:\/\/www.lodelmomentoloja.com\/index.php?rest_route=\/wp\/v2\/posts\/28266\/revisions"}],"predecessor-version":[{"id":28268,"href":"https:\/\/www.lodelmomentoloja.com\/index.php?rest_route=\/wp\/v2\/posts\/28266\/revisions\/28268"}],"wp:attachment":[{"href":"https:\/\/www.lodelmomentoloja.com\/index.php?rest_route=%2Fwp%2Fv2%2Fmedia&parent=28266"}],"wp:term":[{"taxonomy":"category","embeddable":true,"href":"https:\/\/www.lodelmomentoloja.com\/index.php?rest_route=%2Fwp%2Fv2%2Fcategories&post=28266"},{"taxonomy":"post_tag","embeddable":true,"href":"https:\/\/www.lodelmomentoloja.com\/index.php?rest_route=%2Fwp%2Fv2%2Ftags&post=28266"}],"curies":[{"name":"wp","href":"https:\/\/api.w.org\/{rel}","templated":true}]}}