{"id":28230,"date":"2025-10-08T11:35:20","date_gmt":"2025-10-08T11:35:20","guid":{"rendered":"https:\/\/www.lodelmomentoloja.com\/?p=28230"},"modified":"2025-10-08T16:36:56","modified_gmt":"2025-10-08T16:36:56","slug":"la-conaie-dice-que-el-gobierno-intenta-cr1m1n4l1z4r-las-manifestaciones-tras-el-4t4qu3-en-canar","status":"publish","type":"post","link":"https:\/\/www.lodelmomentoloja.com\/?p=28230","title":{"rendered":"La Conaie dice que el Gobierno intenta cr1m1n4l1z4r las manifestaciones tras el 4t4qu3 en Ca\u00f1ar."},"content":{"rendered":"<p><span class=\"x19la9d6 x1fc57z9 x6ikm8r x10wlt62 x19co3pv x1g5zs5t xfibh0p xiy17q3 x1xsqp64 x1lkfr7t xexx8yu xyri2b x18d9i69 x1c1uobl\"><span class=\"xrtxmta x1bhl96m\"><img loading=\"lazy\" decoding=\"async\" class=\"wp-image-28232 aligncenter\" src=\"http:\/\/www.lodelmomentoloja.com\/wp-content\/uploads\/2025\/10\/NOTICIA-VIDEO-LDM-1-300x169.jpg\" alt=\"\" width=\"1147\" height=\"646\" srcset=\"https:\/\/www.lodelmomentoloja.com\/wp-content\/uploads\/2025\/10\/NOTICIA-VIDEO-LDM-1-300x169.jpg 300w, https:\/\/www.lodelmomentoloja.com\/wp-content\/uploads\/2025\/10\/NOTICIA-VIDEO-LDM-1-1024x576.jpg 1024w, https:\/\/www.lodelmomentoloja.com\/wp-content\/uploads\/2025\/10\/NOTICIA-VIDEO-LDM-1-768x432.jpg 768w, https:\/\/www.lodelmomentoloja.com\/wp-content\/uploads\/2025\/10\/NOTICIA-VIDEO-LDM-1-640x360.jpg 640w, https:\/\/www.lodelmomentoloja.com\/wp-content\/uploads\/2025\/10\/NOTICIA-VIDEO-LDM-1-1536x864.jpg 1536w, https:\/\/www.lodelmomentoloja.com\/wp-content\/uploads\/2025\/10\/NOTICIA-VIDEO-LDM-1.jpg 1920w\" sizes=\"(max-width: 1147px) 100vw, 1147px\" \/><\/p>\n<p>\ud83d\ude31<\/span><\/span><span class=\"x19la9d6 x1fc57z9 x6ikm8r x10wlt62 x19co3pv x1g5zs5t xfibh0p xiy17q3 x1xsqp64 x1lkfr7t xexx8yu xyri2b x18d9i69 x1c1uobl\"><span class=\"xrtxmta x1bhl96m\">\ud83d\udea8<\/span><\/span><span class=\"x19la9d6 x1fc57z9 x6ikm8r x10wlt62 x19co3pv x1g5zs5t xfibh0p xiy17q3 x1xsqp64 x1lkfr7t xexx8yu xyri2b x18d9i69 x1c1uobl\"><span class=\"xrtxmta x1bhl96m\">\ud83d\ude2c<\/span><\/span><span class=\"selectable-text copyable-text xkrh14z\"> \u00a1Se reaviva la pol\u00e9mica! Tras el 4t4qu3 que sufri\u00f3 la caravana presidencial en la provincia de Ca\u00f1ar, la Conaie atribuy\u00f3 la responsabilidad al propio Gobierno, agregando que el convoy presidencial \u201cingres\u00f3 en una zona de resistencia\u201d, lo que calific\u00f3 como una \u201cprovocaci\u00f3n\u201d que seguir\u00eda el \u201clibreto del supuesto convoy humanitario para justificar la represi\u00f3n\u201d.<\/p>\n<p><\/span><\/p>\n<div style=\"width: 640px;\" class=\"wp-video\"><!--[if lt IE 9]><script>document.createElement('video');<\/script><![endif]-->\n<video class=\"wp-video-shortcode\" id=\"video-28230-1\" width=\"640\" height=\"360\" preload=\"metadata\" controls=\"controls\"><source type=\"video\/mp4\" src=\"http:\/\/www.lodelmomentoloja.com\/wp-content\/uploads\/2025\/10\/4T4QU3-EN-CA_AR-REDUCIDO.mp4?_=1\" \/><a href=\"http:\/\/www.lodelmomentoloja.com\/wp-content\/uploads\/2025\/10\/4T4QU3-EN-CA_AR-REDUCIDO.mp4\">http:\/\/www.lodelmomentoloja.com\/wp-content\/uploads\/2025\/10\/4T4QU3-EN-CA_AR-REDUCIDO.mp4<\/a><\/video><\/div>\n<p><span class=\"selectable-text copyable-text xkrh14z\"><\/p>\n<p><\/span><\/p>\n<p>La ma\u00f1ana de este mi\u00e9rcoles, la Confederaci\u00f3n dijo sentir \u201cprofunda preocupaci\u00f3n\u201d por los hechos, pero atribuy\u00f3 la responsabilidad al propio Gobierno. El movimiento ind\u00edgena agrega que el convoy presidencial \u201cingres\u00f3 en una zona de resistencia\u201d, lo que calific\u00f3 como una \u201cprovocaci\u00f3n\u201d que seguir\u00eda el \u201clibreto del supuesto convoy humanitario para justificar la represi\u00f3n\u201d.<\/p>\n<p>Cuestionaron que no se haya evaluado el riesgo de ingresar a una \u201czona en movilizaci\u00f3n\u201d o la ausencia de un equipo de avanzada para analizar riesgos en los desplazamientos, reflejando una \u201cfalsa bandera\u201d para cr1m1n4l1z4r al movimiento ind\u00edgena.<\/p>\n<p>La tarde del martes 07 de octubre, un grupo de manifestantes 4t4c\u00f3 con palos y piedras al convoy presidencial en el sector El Tambo en el marco del paro nacional.<\/p>\n<p>El 4t4qu3 dej\u00f3 al menos cinco personas detenidas quienes son acusados de intento de 4s3s1n4t0 al presidente de la Rep\u00fablica, denuncia presentada a la Fiscal\u00eda por la ministra de Ambiente, In\u00e9s Manzano. La organizaci\u00f3n pidi\u00f3 respeto al debido proceso, sin presiones pol\u00edticas y que sean liberados.<\/p>\n<p>Por otro lado, el ministro del Interior, John Reimberg dijo en redes sociales que los detenidos ser\u00e1n procesados por el delito de t3rr0r1sm0.<\/p>\n<p>El incidente, dej\u00f3 vidrios rotos en al menos dos veh\u00edculos y puso en riesgo la seguridad de funcionarios y civiles, lo que ha generado una nueva ola de tensi\u00f3n pol\u00edtica entre la Conaie y el Gobierno Nacional que hoy en d\u00eda se ven enfrentados por las medidas estatales.<\/p>\n<p>&nbsp;<\/p>\n<p>\ud83c\udf10\u2705 S\u00edguenos en nuestra p\u00e1gina verificada: https:\/\/www.facebook.com\/lodelmomentolojaEC<\/p>\n<p>www.lodelmomentoloja.com<br \/>\n#LDMnoticias #lodelmomentolojaLDM<\/p>\n","protected":false},"excerpt":{"rendered":"<p>\ud83d\ude31\ud83d\udea8\ud83d\ude2c \u00a1Se reaviva la pol\u00e9mica! Tras el 4t4qu3 que sufri\u00f3 la caravana presidencial en la&#8230;<\/p>\n","protected":false},"author":1,"featured_media":0,"comment_status":"open","ping_status":"open","sticky":false,"template":"","format":"standard","meta":{"footnotes":""},"categories":[7,1],"tags":[],"class_list":["post-28230","post","type-post","status-publish","format-standard","hentry","category-ecuador","category-inicio"],"_links":{"self":[{"href":"https:\/\/www.lodelmomentoloja.com\/index.php?rest_route=\/wp\/v2\/posts\/28230"}],"collection":[{"href":"https:\/\/www.lodelmomentoloja.com\/index.php?rest_route=\/wp\/v2\/posts"}],"about":[{"href":"https:\/\/www.lodelmomentoloja.com\/index.php?rest_route=\/wp\/v2\/types\/post"}],"author":[{"embeddable":true,"href":"https:\/\/www.lodelmomentoloja.com\/index.php?rest_route=\/wp\/v2\/users\/1"}],"replies":[{"embeddable":true,"href":"https:\/\/www.lodelmomentoloja.com\/index.php?rest_route=%2Fwp%2Fv2%2Fcomments&post=28230"}],"version-history":[{"count":1,"href":"https:\/\/www.lodelmomentoloja.com\/index.php?rest_route=\/wp\/v2\/posts\/28230\/revisions"}],"predecessor-version":[{"id":28233,"href":"https:\/\/www.lodelmomentoloja.com\/index.php?rest_route=\/wp\/v2\/posts\/28230\/revisions\/28233"}],"wp:attachment":[{"href":"https:\/\/www.lodelmomentoloja.com\/index.php?rest_route=%2Fwp%2Fv2%2Fmedia&parent=28230"}],"wp:term":[{"taxonomy":"category","embeddable":true,"href":"https:\/\/www.lodelmomentoloja.com\/index.php?rest_route=%2Fwp%2Fv2%2Fcategories&post=28230"},{"taxonomy":"post_tag","embeddable":true,"href":"https:\/\/www.lodelmomentoloja.com\/index.php?rest_route=%2Fwp%2Fv2%2Ftags&post=28230"}],"curies":[{"name":"wp","href":"https:\/\/api.w.org\/{rel}","templated":true}]}}