{"id":2822,"date":"2021-03-03T12:30:47","date_gmt":"2021-03-03T12:30:47","guid":{"rendered":"http:\/\/www.lodelmomentoloja.com\/?p=2822"},"modified":"2021-03-03T17:34:52","modified_gmt":"2021-03-03T17:34:52","slug":"ecuarunari-anuncia-cierre-de-vias","status":"publish","type":"post","link":"https:\/\/www.lodelmomentoloja.com\/?p=2822","title":{"rendered":"Ecuarunari anuncia cierre de v\u00edas"},"content":{"rendered":"<p>#Loja | Ecuarunari anuncia cierre de v\u00edas en Loja<\/p>\n<p>El pasado 25 de febrero del presente Ecuarunari, anunci\u00f3 la declaraci\u00f3n del paro nacional en contra del Consejo Nacional Electoral por supuestamente promover un supuesto fraude electoral. Acogi\u00e9ndose al art\u00edculo 98 de la constituci\u00f3n en base al derecho a la resistencia el pueblo Saraguro se une a este paro nacional por lo que cerraran las v\u00edas desde las 17h00 del d\u00eda de hoy mi\u00e9rcoles 3 de marzo de 2021.<\/p>\n<p>La v\u00eda que cerrar\u00e1n es la de San Vicente, lugar donde fueron reprimidos por la Polic\u00eda Nacional en el gobierno anterior en 2015 y tambi\u00e9n estar\u00e1 cerrada la v\u00eda de la parte norte del cant\u00f3n Saraguro, por lo que consideran a este lugar hist\u00f3rico \u201ces un cierre definitivo porque si no se va cumplir, nos quedaremos hasta las \u00faltimas consecuencias.\u201d Asegur\u00f3 Luz Namicela, representante de la Corpukis<\/p>\n<p>Aseguran que reclaman sus derechos con dignidad y paz, sobre el presunto fraude en contra del candidato presidencial de Pachakutik Yaku P\u00e9rez. El brazo pol\u00edtico de la CONAIE en la Provincia de Loja, es la primera fuerza pol\u00edtica de acuerdo a los resultados de la \u00faltima elecci\u00f3n del pasado 7 de febrero de 2021.<\/p>\n<p>Abel Sarango, representante de Pachakutik, asegur\u00f3 que esta medida la toman producto de una reuni\u00f3n mantenida el d\u00eda de ayer, con organizaciones sociales de Saraguro \u201cesto se lo hace cuando ha pasado casi un mes desde que se llevaron a acabo las elecciones, desde que se ha venido exigiendo transparencia en el proceso electoral, se agotado todas las instancias, la \u00fanica instancia que nos queda es la del Tribunal Electoral.\u201d Exclam\u00f3.<\/p>\n<p>www.lodelmomentoloja.com<br \/>\n#LDMnoticias #lodelmomentolojaLDM<\/p>\n","protected":false},"excerpt":{"rendered":"<p>#Loja | Ecuarunari anuncia cierre de v\u00edas en Loja El pasado 25 de febrero del&#8230;<\/p>\n","protected":false},"author":1,"featured_media":2823,"comment_status":"open","ping_status":"open","sticky":false,"template":"","format":"standard","meta":{"footnotes":""},"categories":[1],"tags":[],"class_list":["post-2822","post","type-post","status-publish","format-standard","has-post-thumbnail","hentry","category-inicio"],"_links":{"self":[{"href":"https:\/\/www.lodelmomentoloja.com\/index.php?rest_route=\/wp\/v2\/posts\/2822"}],"collection":[{"href":"https:\/\/www.lodelmomentoloja.com\/index.php?rest_route=\/wp\/v2\/posts"}],"about":[{"href":"https:\/\/www.lodelmomentoloja.com\/index.php?rest_route=\/wp\/v2\/types\/post"}],"author":[{"embeddable":true,"href":"https:\/\/www.lodelmomentoloja.com\/index.php?rest_route=\/wp\/v2\/users\/1"}],"replies":[{"embeddable":true,"href":"https:\/\/www.lodelmomentoloja.com\/index.php?rest_route=%2Fwp%2Fv2%2Fcomments&post=2822"}],"version-history":[{"count":1,"href":"https:\/\/www.lodelmomentoloja.com\/index.php?rest_route=\/wp\/v2\/posts\/2822\/revisions"}],"predecessor-version":[{"id":2824,"href":"https:\/\/www.lodelmomentoloja.com\/index.php?rest_route=\/wp\/v2\/posts\/2822\/revisions\/2824"}],"wp:featuredmedia":[{"embeddable":true,"href":"https:\/\/www.lodelmomentoloja.com\/index.php?rest_route=\/wp\/v2\/media\/2823"}],"wp:attachment":[{"href":"https:\/\/www.lodelmomentoloja.com\/index.php?rest_route=%2Fwp%2Fv2%2Fmedia&parent=2822"}],"wp:term":[{"taxonomy":"category","embeddable":true,"href":"https:\/\/www.lodelmomentoloja.com\/index.php?rest_route=%2Fwp%2Fv2%2Fcategories&post=2822"},{"taxonomy":"post_tag","embeddable":true,"href":"https:\/\/www.lodelmomentoloja.com\/index.php?rest_route=%2Fwp%2Fv2%2Ftags&post=2822"}],"curies":[{"name":"wp","href":"https:\/\/api.w.org\/{rel}","templated":true}]}}