{"id":28217,"date":"2025-10-07T17:41:35","date_gmt":"2025-10-07T17:41:35","guid":{"rendered":"https:\/\/www.lodelmomentoloja.com\/?p=28217"},"modified":"2025-10-07T22:49:08","modified_gmt":"2025-10-07T22:49:08","slug":"ciudadanos-muestran-su-postura-en-contra-del-paro-nacional-que-lleva-16-dias","status":"publish","type":"post","link":"https:\/\/www.lodelmomentoloja.com\/?p=28217","title":{"rendered":"Ciudadanos muestran su postura en contra del Paro Nacional que lleva 16 d\u00edas"},"content":{"rendered":"<p class=\"selectable-text copyable-text x15bjb6t x1n2onr6\"><span class=\"x19la9d6 x1fc57z9 x6ikm8r x10wlt62 x19co3pv x1g5zs5t xfibh0p xiy17q3 x1xsqp64 x1lkfr7t xexx8yu xyri2b x18d9i69 x1c1uobl\"><span class=\"xrtxmta x1bhl96m\"><img loading=\"lazy\" decoding=\"async\" class=\"wp-image-28219 aligncenter\" src=\"http:\/\/www.lodelmomentoloja.com\/wp-content\/uploads\/2025\/10\/PARO-NOTA-VIDEO-3-300x169.jpg\" alt=\"\" width=\"1095\" height=\"617\" srcset=\"https:\/\/www.lodelmomentoloja.com\/wp-content\/uploads\/2025\/10\/PARO-NOTA-VIDEO-3-300x169.jpg 300w, https:\/\/www.lodelmomentoloja.com\/wp-content\/uploads\/2025\/10\/PARO-NOTA-VIDEO-3-1024x576.jpg 1024w, https:\/\/www.lodelmomentoloja.com\/wp-content\/uploads\/2025\/10\/PARO-NOTA-VIDEO-3-768x432.jpg 768w, https:\/\/www.lodelmomentoloja.com\/wp-content\/uploads\/2025\/10\/PARO-NOTA-VIDEO-3-640x360.jpg 640w, https:\/\/www.lodelmomentoloja.com\/wp-content\/uploads\/2025\/10\/PARO-NOTA-VIDEO-3-1536x864.jpg 1536w, https:\/\/www.lodelmomentoloja.com\/wp-content\/uploads\/2025\/10\/PARO-NOTA-VIDEO-3.jpg 1920w\" sizes=\"(max-width: 1095px) 100vw, 1095px\" \/><\/p>\n<p>\ud83d\ude24<\/span><\/span><span class=\"x19la9d6 x1fc57z9 x6ikm8r x10wlt62 x19co3pv x1g5zs5t xfibh0p xiy17q3 x1xsqp64 x1lkfr7t xexx8yu xyri2b x18d9i69 x1c1uobl\"><span class=\"xrtxmta x1bhl96m\">\ud83d\udce3<\/span><\/span><span class=\"x19la9d6 x1fc57z9 x6ikm8r x10wlt62 x19co3pv x1g5zs5t xfibh0p xiy17q3 x1xsqp64 x1lkfr7t xexx8yu xyri2b x18d9i69 x1c1uobl\"><span class=\"xrtxmta x1bhl96m\">\ud83d\udde3\ufe0f<\/span><\/span><span class=\"selectable-text copyable-text xkrh14z\"> \u00a1Cansados del paro! En el d\u00e9cimo sexto d\u00eda del paro nacional en Ecuador, se registran nuevos picos de v10l3nc14, pero esta vez, entre quienes buscan que las manifestaciones lleguen a su fin y los movimientos ind\u00edgenas que mantiene activas las protestas. Sin embargo, a lo largo de los d\u00edas diversos sectores han mostrado su rechazo a las manifestaciones.<\/span><\/p>\n<div style=\"width: 640px;\" class=\"wp-video\"><!--[if lt IE 9]><script>document.createElement('video');<\/script><![endif]-->\n<video class=\"wp-video-shortcode\" id=\"video-28217-1\" width=\"640\" height=\"360\" preload=\"metadata\" controls=\"controls\"><source type=\"video\/mp4\" src=\"http:\/\/www.lodelmomentoloja.com\/wp-content\/uploads\/2025\/10\/CANSADOS-DEL-PARO-REDUCIDO.mp4?_=1\" \/><a href=\"http:\/\/www.lodelmomentoloja.com\/wp-content\/uploads\/2025\/10\/CANSADOS-DEL-PARO-REDUCIDO.mp4\">http:\/\/www.lodelmomentoloja.com\/wp-content\/uploads\/2025\/10\/CANSADOS-DEL-PARO-REDUCIDO.mp4<\/a><\/video><\/div>\n<p>Palos, piedras y enfrentamientos f\u00edsicos marcaron una nueva jornada entre los habitantes de Alaus\u00ed, provincia de Chimborazo. Por un lado, ciudadanos intentaban reabrir el paso mientras los manifestantes imped\u00edan el ingreso y salida de veh\u00edculos. El punto m\u00e1s cr\u00edtico se vivi\u00f3 cuando el grupo avanz\u00f3 hasta la carretera Panamericana, donde otro grupo resguardaba un mont\u00edculo de tierra.<\/p>\n<p>Los \u00e1nimos se caldearon r\u00e1pidamente, algunos encendieron llantas y las 4gr3s10nes verbales, pero en pocos minutos los 4gr3s10n3s f\u00edsicas iban y ven\u00edan. Incluso, el Cuerpo de Bomberos de Alaus\u00ed intervino a distancia para apagar las llamas, mientras las piedras segu\u00edan cayendo.<\/p>\n<p>Pero esta no es la primera ocasi\u00f3n en que la ciudadan\u00eda ha expresado su rechazo por el paro nacional y es que, en los \u00faltimos d\u00edas, son m\u00e1s los civiles que hacen un llamado para que las manifestaciones culminen, incluso, periodistas, se suman a esta petici\u00f3n.<\/p>\n<p>Sin embargo, los l\u00edderes de las diferentes comunidades ind\u00edgenas han anunciando que el paro continuar\u00e1 hasta que el Gobierno atienda sus peticiones.<\/p>\n<p>Un panorama que deja nuevas interrogantes sobre las consecuencias que las manifestaciones traer\u00e1n para las familias ecuatorianas.<\/p>\n<p class=\"selectable-text copyable-text x15bjb6t x1n2onr6\"><span class=\"x19la9d6 x1fc57z9 x6ikm8r x10wlt62 x19co3pv x1g5zs5t xfibh0p xiy17q3 x1xsqp64 x1lkfr7t xexx8yu xyri2b x18d9i69 x1c1uobl\"><span class=\"xrtxmta x1bhl96m\">\ud83c\udf10<\/span><\/span><span class=\"x19la9d6 x1fc57z9 x6ikm8r x10wlt62 x19co3pv x1g5zs5t xfibh0p xiy17q3 x1xsqp64 x1lkfr7t xexx8yu xyri2b x18d9i69 x1c1uobl\"><span class=\"xrtxmta x1bhl96m\">\u2705<\/span><\/span><span class=\"selectable-text copyable-text xkrh14z\"> S\u00edguenos en nuestra p\u00e1gina verificada: <\/span><span class=\"selectable-text copyable-text xkrh14z\">https:\/\/www.facebook.com\/lodelmomentolojaEC<\/span><\/p>\n<p class=\"selectable-text copyable-text x15bjb6t x1n2onr6\"><span class=\"selectable-text copyable-text xkrh14z\">www.lodelmomentoloja.com<\/span><\/p>\n<p class=\"selectable-text copyable-text x15bjb6t x1n2onr6\"><span class=\"selectable-text copyable-text xkrh14z\">#LDMnoticias #lodelmomentolojaLDM<\/span><\/p>\n","protected":false},"excerpt":{"rendered":"<p>\ud83d\ude24\ud83d\udce3\ud83d\udde3\ufe0f \u00a1Cansados del paro! En el d\u00e9cimo sexto d\u00eda del paro nacional en Ecuador, se&#8230;<\/p>\n","protected":false},"author":1,"featured_media":0,"comment_status":"open","ping_status":"open","sticky":false,"template":"","format":"standard","meta":{"footnotes":""},"categories":[7,1],"tags":[],"class_list":["post-28217","post","type-post","status-publish","format-standard","hentry","category-ecuador","category-inicio"],"_links":{"self":[{"href":"https:\/\/www.lodelmomentoloja.com\/index.php?rest_route=\/wp\/v2\/posts\/28217"}],"collection":[{"href":"https:\/\/www.lodelmomentoloja.com\/index.php?rest_route=\/wp\/v2\/posts"}],"about":[{"href":"https:\/\/www.lodelmomentoloja.com\/index.php?rest_route=\/wp\/v2\/types\/post"}],"author":[{"embeddable":true,"href":"https:\/\/www.lodelmomentoloja.com\/index.php?rest_route=\/wp\/v2\/users\/1"}],"replies":[{"embeddable":true,"href":"https:\/\/www.lodelmomentoloja.com\/index.php?rest_route=%2Fwp%2Fv2%2Fcomments&post=28217"}],"version-history":[{"count":1,"href":"https:\/\/www.lodelmomentoloja.com\/index.php?rest_route=\/wp\/v2\/posts\/28217\/revisions"}],"predecessor-version":[{"id":28220,"href":"https:\/\/www.lodelmomentoloja.com\/index.php?rest_route=\/wp\/v2\/posts\/28217\/revisions\/28220"}],"wp:attachment":[{"href":"https:\/\/www.lodelmomentoloja.com\/index.php?rest_route=%2Fwp%2Fv2%2Fmedia&parent=28217"}],"wp:term":[{"taxonomy":"category","embeddable":true,"href":"https:\/\/www.lodelmomentoloja.com\/index.php?rest_route=%2Fwp%2Fv2%2Fcategories&post=28217"},{"taxonomy":"post_tag","embeddable":true,"href":"https:\/\/www.lodelmomentoloja.com\/index.php?rest_route=%2Fwp%2Fv2%2Ftags&post=28217"}],"curies":[{"name":"wp","href":"https:\/\/api.w.org\/{rel}","templated":true}]}}